{"id":215858,"date":"2026-08-31T08:30:00","date_gmt":"2026-08-31T11:30:00","guid":{"rendered":"https:\/\/finger.ind.br\/?p=215858"},"modified":"2026-08-31T09:06:55","modified_gmt":"2026-08-31T12:06:55","slug":"cozinha-em-u","status":"publish","type":"post","link":"https:\/\/finger.ind.br\/en\/blog\/cozinha-em-u\/","title":{"rendered":"Cozinha em U: layout que valoriza e otimiza o ambiente"},"content":{"rendered":"\n<p class=\"wp-block-paragraph\">Todo projeto de <a href=\"https:\/\/finger.ind.br\/ambientes\/cozinha\/\">cozinha<\/a> nova passa por etapas antes da fam\u00edlia finalmente entrar no ambiente e pensar: <em>\u201cQue maravilha! Vou adorar reunir meus amigos e familiares aqui!\u201d<\/em> Uma dessas etapas, inclusive, \u00e9 a defini\u00e7\u00e3o do layout: se uma cozinha americana, linear, com ilha ou uma <strong>cozinha em U<\/strong>.<\/p>\n\n\n\n<p class=\"wp-block-paragraph\">Se voc\u00ea j\u00e1 optou pelo formato de <strong>cozinha em U<\/strong> e deseja saber mais sobre esse layout, prepare-se. A Finger produziu um artigo completo que mostra os benef\u00edcios de ter uma cozinha nesse formato, e quais s\u00e3o cuidados para conservar um ambiente digno dos melhores momentos da casa.<\/p>\n\n\n\n<h2 class=\"wp-block-heading\"><strong>O que \u00e9 uma cozinha em U?<\/strong><\/h2>\n\n\n\n<p class=\"wp-block-paragraph\">A <strong>cozinha em U<\/strong> \u00e9 um layout que utiliza tr\u00eas lados da cozinha para receber bancadas, arm\u00e1rios, eletrodom\u00e9sticos e \u00e1reas de trabalho.<\/p>\n\n\n\n<p class=\"wp-block-paragraph\">Geralmente, o projeto ocupa as duas laterais do c\u00f4modo e a parede ao fundo, formando visualmente a letra U.<\/p>\n\n\n\n<p class=\"wp-block-paragraph\">A ideia, com o desenho, \u00e9 fazer o melhor uso dos lados dispon\u00edveis da cozinha, garantindo que ela fique mais ampla, bem distribu\u00edda e repleta de \u00e1reas de apoio e armazenamento.<\/p>\n\n\n\n<p class=\"wp-block-paragraph\">Dependendo da arquitetura da casa, uma das extremidades tamb\u00e9m pode permanecer aberta para uma sala de jantar ou \u00e1rea social. Isso significa que o formato em U n\u00e3o, necessariamente, precisa ser feito em uma cozinha fechada.<\/p>\n\n\n\n<figure class=\"wp-block-gallery has-nested-images columns-default is-cropped wp-block-gallery-1 is-layout-flex wp-block-gallery-is-layout-flex\">\n<figure class=\"wp-block-image size-full\"><img data-dominant-color=\"796f6c\" data-has-transparency=\"false\" loading=\"lazy\" decoding=\"async\" width=\"2560\" height=\"1707\" sizes=\"(max-width: 2560px) 100vw, 2560px\" data-id=\"215468\" src=\"https:\/\/finger.ind.br\/wp-content\/uploads\/2026\/07\/1-31-scaled.jpg\" alt=\"Cozinha em U\" class=\"wp-image-215468 not-transparent\" style=\"--dominant-color: #796f6c; aspect-ratio:4\/3\" srcset=\"https:\/\/finger.ind.br\/wp-content\/uploads\/2026\/07\/1-31-scaled.jpg 2560w, https:\/\/finger.ind.br\/wp-content\/uploads\/2026\/07\/1-31-300x200.jpg 300w, https:\/\/finger.ind.br\/wp-content\/uploads\/2026\/07\/1-31-1024x683.jpg 1024w, https:\/\/finger.ind.br\/wp-content\/uploads\/2026\/07\/1-31-768x512.jpg 768w, https:\/\/finger.ind.br\/wp-content\/uploads\/2026\/07\/1-31-1536x1024.jpg 1536w, https:\/\/finger.ind.br\/wp-content\/uploads\/2026\/07\/1-31-2048x1365.jpg 2048w\" \/><figcaption class=\"wp-element-caption\">Cliente: Paula Sampaio | Projeto: arquiteta Nat\u00e1lia Coelho <br> Execu\u00e7\u00e3o: Edy Planejados | Foto: Caroline de Moraes<\/figcaption><\/figure>\n\n\n\n<figure class=\"wp-block-image size-full\"><img data-dominant-color=\"767372\" data-has-transparency=\"false\" loading=\"lazy\" decoding=\"async\" width=\"2560\" height=\"1707\" sizes=\"(max-width: 2560px) 100vw, 2560px\" data-id=\"215465\" src=\"https:\/\/finger.ind.br\/wp-content\/uploads\/2026\/07\/1-3-scaled.jpg\" alt=\"Cozinha em U\" class=\"wp-image-215465 not-transparent\" style=\"--dominant-color: #767372; aspect-ratio:4\/3\" srcset=\"https:\/\/finger.ind.br\/wp-content\/uploads\/2026\/07\/1-3-scaled.jpg 2560w, https:\/\/finger.ind.br\/wp-content\/uploads\/2026\/07\/1-3-300x200.jpg 300w, https:\/\/finger.ind.br\/wp-content\/uploads\/2026\/07\/1-3-1024x683.jpg 1024w, https:\/\/finger.ind.br\/wp-content\/uploads\/2026\/07\/1-3-768x512.jpg 768w, https:\/\/finger.ind.br\/wp-content\/uploads\/2026\/07\/1-3-1536x1024.jpg 1536w, https:\/\/finger.ind.br\/wp-content\/uploads\/2026\/07\/1-3-2048x1365.jpg 2048w\" \/><figcaption class=\"wp-element-caption\"><a href=\"Cliente: Paula Sampaio - Projeto: arquiteta Nat\u00e1lia Coelho  Execu\u00e7\u00e3o: Edy Planejados - Foto: Caroline de Moraes\">Cliente: Paula Sampaio | Projeto: arquiteta Nat\u00e1lia Coelho<\/a><br><a href=\"Cliente: Paula Sampaio - Projeto: arquiteta Nat\u00e1lia Coelho  Execu\u00e7\u00e3o: Edy Planejados - Foto: Caroline de Moraes\">Execu\u00e7\u00e3o: Edy Planejados | Foto: Caroline de Moraes<\/a><\/figcaption><\/figure>\n\n\n\n<figure class=\"wp-block-image size-full\"><img data-dominant-color=\"5b5862\" data-has-transparency=\"false\" loading=\"lazy\" decoding=\"async\" width=\"1707\" height=\"2560\" sizes=\"(max-width: 1707px) 100vw, 1707px\" data-id=\"215474\" src=\"https:\/\/finger.ind.br\/wp-content\/uploads\/2026\/07\/1-138-scaled.jpg\" alt=\"Mulher abrindo arm\u00e1rio de Cozinha basculante com vidro transparente. Detalhes dos eletroport\u00e1teis em vermelho.\n\" class=\"wp-image-215474 not-transparent\" style=\"--dominant-color: #5b5862; aspect-ratio:4\/3\" srcset=\"https:\/\/finger.ind.br\/wp-content\/uploads\/2026\/07\/1-138-scaled.jpg 1707w, https:\/\/finger.ind.br\/wp-content\/uploads\/2026\/07\/1-138-200x300.jpg 200w, https:\/\/finger.ind.br\/wp-content\/uploads\/2026\/07\/1-138-683x1024.jpg 683w, https:\/\/finger.ind.br\/wp-content\/uploads\/2026\/07\/1-138-768x1152.jpg 768w, https:\/\/finger.ind.br\/wp-content\/uploads\/2026\/07\/1-138-1024x1536.jpg 1024w, https:\/\/finger.ind.br\/wp-content\/uploads\/2026\/07\/1-138-1365x2048.jpg 1365w\" \/><figcaption class=\"wp-element-caption\"><a href=\"Cliente: Paula Sampaio - Projeto: arquiteta Nat\u00e1lia Coelho  Execu\u00e7\u00e3o: Edy Planejados - Foto: Caroline de Moraes\">Cliente: Paula Sampaio | Projeto: arquiteta Nat\u00e1lia Coelho <\/a><br><a href=\"Cliente: Paula Sampaio - Projeto: arquiteta Nat\u00e1lia Coelho  Execu\u00e7\u00e3o: Edy Planejados - Foto: Caroline de Moraes\">Execu\u00e7\u00e3o: Edy Planejados | Fotos: Caroline de Moraes<\/a><\/figcaption><\/figure>\n<\/figure>\n\n\n\n<h2 class=\"wp-block-heading\"><strong>Benef\u00edcios de ter uma cozinha em U<\/strong><\/h2>\n\n\n\n<p class=\"wp-block-paragraph\">Muitas fam\u00edlias optam pela <strong>cozinha em U<\/strong> porque ela \u00e9 visualmente bonita e glamourosa.<\/p>\n\n\n\n<p class=\"wp-block-paragraph\">Esse n\u00e3o \u00e9 o \u00fanico benef\u00edcio do formato, claro. Na verdade, algumas vantagens s\u00f3 s\u00e3o percebidas pela fam\u00edlia quando a cozinha j\u00e1 faz parte da rotina da casa.<\/p>\n\n\n\n<h3 class=\"wp-block-heading\"><strong>1- Mais espa\u00e7o para preparar as refei\u00e7\u00f5es<\/strong><\/h3>\n\n\n\n<p class=\"wp-block-paragraph\">Como o layout ocupa tr\u00eas lados do c\u00f4modo, temos mais possibilidades para criar bancadas destinadas ao preparo dos alimentos.&nbsp;<\/p>\n\n\n\n<p class=\"wp-block-paragraph\">Isso faz muita diferen\u00e7a na rotina do lar, principalmente em casas onde \u00e9 comum mais de uma pessoa cozinhar ao mesmo tempo, ou em fam\u00edlias que realmente aproveitam a cozinha no dia a dia.<\/p>\n\n\n\n<figure class=\"wp-block-gallery has-nested-images columns-default is-cropped wp-block-gallery-2 is-layout-flex wp-block-gallery-is-layout-flex\">\n<figure class=\"wp-block-image size-large\"><img loading=\"lazy\" decoding=\"async\" width=\"1024\" height=\"683\" sizes=\"(max-width: 1024px) 100vw, 1024px\" data-id=\"26108\" src=\"https:\/\/finger.ind.br\/wp-content\/uploads\/2019\/02\/o-que-sao-moveis-personalizados-e-por-que-utiliza-los-na-minha-casa-1-1024x683.jpg\" alt=\"cozinha planejado moveis personalizados cozinha sob medida\" class=\"wp-image-26108\" srcset=\"https:\/\/finger.ind.br\/wp-content\/uploads\/2019\/02\/o-que-sao-moveis-personalizados-e-por-que-utiliza-los-na-minha-casa-1-1024x683.jpg 1024w, https:\/\/finger.ind.br\/wp-content\/uploads\/2019\/02\/o-que-sao-moveis-personalizados-e-por-que-utiliza-los-na-minha-casa-1-300x200.jpg 300w, https:\/\/finger.ind.br\/wp-content\/uploads\/2019\/02\/o-que-sao-moveis-personalizados-e-por-que-utiliza-los-na-minha-casa-1-768x512.jpg 768w, https:\/\/finger.ind.br\/wp-content\/uploads\/2019\/02\/o-que-sao-moveis-personalizados-e-por-que-utiliza-los-na-minha-casa-1-1536x1024.jpg 1536w, https:\/\/finger.ind.br\/wp-content\/uploads\/2019\/02\/o-que-sao-moveis-personalizados-e-por-que-utiliza-los-na-minha-casa-1-2048x1365.jpg 2048w\" \/><figcaption class=\"wp-element-caption\">Projeto: Danieli Bonatto Interiores<br> Execu\u00e7\u00e3o: Atrativa Finger Conc\u00f3rdia <br> Foto: MovieTowCriative<\/figcaption><\/figure>\n\n\n\n<figure class=\"wp-block-image size-large\"><img loading=\"lazy\" decoding=\"async\" width=\"1024\" height=\"683\" sizes=\"(max-width: 1024px) 100vw, 1024px\" data-id=\"50530\" src=\"https:\/\/finger.ind.br\/wp-content\/uploads\/2024\/02\/fev24-7-dicas-para-montar-a-cozinha-minimalista-que-voce-sempre-quis-1024x683.jpg\" alt=\"Cozinha planejada de canto pequena. cozinha minimalista. Cozinha planejada de canto com bancada\" class=\"wp-image-50530\" srcset=\"https:\/\/finger.ind.br\/wp-content\/uploads\/2024\/02\/fev24-7-dicas-para-montar-a-cozinha-minimalista-que-voce-sempre-quis-1024x683.jpg 1024w, https:\/\/finger.ind.br\/wp-content\/uploads\/2024\/02\/fev24-7-dicas-para-montar-a-cozinha-minimalista-que-voce-sempre-quis-300x200.jpg 300w, https:\/\/finger.ind.br\/wp-content\/uploads\/2024\/02\/fev24-7-dicas-para-montar-a-cozinha-minimalista-que-voce-sempre-quis-768x512.jpg 768w, https:\/\/finger.ind.br\/wp-content\/uploads\/2024\/02\/fev24-7-dicas-para-montar-a-cozinha-minimalista-que-voce-sempre-quis-1536x1024.jpg 1536w, https:\/\/finger.ind.br\/wp-content\/uploads\/2024\/02\/fev24-7-dicas-para-montar-a-cozinha-minimalista-que-voce-sempre-quis-2048x1365.jpg 2048w\" \/><figcaption class=\"wp-element-caption\">Execu\u00e7\u00e3o: Finger Mari Perin<br>Foto: Renan Costantin<\/figcaption><\/figure>\n\n\n\n<figure class=\"wp-block-image size-large\"><img loading=\"lazy\" decoding=\"async\" width=\"1024\" height=\"683\" sizes=\"(max-width: 1024px) 100vw, 1024px\" data-id=\"24728\" src=\"https:\/\/finger.ind.br\/wp-content\/uploads\/2021\/03\/7-dicas-de-cores-para-voce-utilizar-na-sua-cozinha-2-1024x683.jpg\" alt=\"Cozinha planejada de canto. Cozinha tons neutros - luxo moveis planejados cozinha de luxo. Cozinha de canto planejada.\" class=\"wp-image-24728\" srcset=\"https:\/\/finger.ind.br\/wp-content\/uploads\/2021\/03\/7-dicas-de-cores-para-voce-utilizar-na-sua-cozinha-2-1024x683.jpg 1024w, https:\/\/finger.ind.br\/wp-content\/uploads\/2021\/03\/7-dicas-de-cores-para-voce-utilizar-na-sua-cozinha-2-300x200.jpg 300w, https:\/\/finger.ind.br\/wp-content\/uploads\/2021\/03\/7-dicas-de-cores-para-voce-utilizar-na-sua-cozinha-2-768x512.jpg 768w, https:\/\/finger.ind.br\/wp-content\/uploads\/2021\/03\/7-dicas-de-cores-para-voce-utilizar-na-sua-cozinha-2-1536x1024.jpg 1536w, https:\/\/finger.ind.br\/wp-content\/uploads\/2021\/03\/7-dicas-de-cores-para-voce-utilizar-na-sua-cozinha-2-2048x1365.jpg 2048w\" \/><figcaption class=\"wp-element-caption\">Projeto: Atrativa Finger de Conc\u00f3rdia <br>Foto: J\u00falio Gomes Filho<\/figcaption><\/figure>\n<\/figure>\n\n\n\n<h3 class=\"wp-block-heading\"><strong>2- Melhor distribui\u00e7\u00e3o das fun\u00e7\u00f5es<\/strong><\/h3>\n\n\n\n<p class=\"wp-block-paragraph\">Pia, geladeira e \u00e1rea de coc\u00e7\u00e3o n\u00e3o precisam disputar o mesmo trecho da cozinha. No formato em U, conseguimos estudar a posi\u00e7\u00e3o de cada elemento individualmente, e considerar os movimentos que a fam\u00edlia costuma fazer enquanto prepara as refei\u00e7\u00f5es.&nbsp;<\/p>\n\n\n\n<p class=\"wp-block-paragraph\">Voc\u00ea pode, por exemplo, retirar um alimento na geladeira, lev\u00e1-lo para a bancada, prepar\u00e1-lo e seguir para o fog\u00e3o sem precisar transitar de um lado para o outro.<\/p>\n\n\n\n<figure class=\"wp-block-gallery has-nested-images columns-default is-cropped wp-block-gallery-3 is-layout-flex wp-block-gallery-is-layout-flex\">\n<figure class=\"wp-block-image size-full\"><img data-dominant-color=\"b0b1b2\" data-has-transparency=\"false\" loading=\"lazy\" decoding=\"async\" width=\"2560\" height=\"1695\" sizes=\"(max-width: 2560px) 100vw, 2560px\" data-id=\"214144\" src=\"https:\/\/finger.ind.br\/wp-content\/uploads\/2026\/04\/penteadeira-planejada-6-projetos-para-se-inspirar-com-a-finger-13-scaled.jpg\" alt=\"Cozinha em tons claros - apartamento beira mar - atmosfera suave. Cozinha planejada de canto\" class=\"wp-image-214144 not-transparent\" style=\"--dominant-color: #b0b1b2; aspect-ratio:4\/3\" srcset=\"https:\/\/finger.ind.br\/wp-content\/uploads\/2026\/04\/penteadeira-planejada-6-projetos-para-se-inspirar-com-a-finger-13-scaled.jpg 2560w, https:\/\/finger.ind.br\/wp-content\/uploads\/2026\/04\/penteadeira-planejada-6-projetos-para-se-inspirar-com-a-finger-13-300x199.jpg 300w, https:\/\/finger.ind.br\/wp-content\/uploads\/2026\/04\/penteadeira-planejada-6-projetos-para-se-inspirar-com-a-finger-13-1024x678.jpg 1024w, https:\/\/finger.ind.br\/wp-content\/uploads\/2026\/04\/penteadeira-planejada-6-projetos-para-se-inspirar-com-a-finger-13-768x509.jpg 768w, https:\/\/finger.ind.br\/wp-content\/uploads\/2026\/04\/penteadeira-planejada-6-projetos-para-se-inspirar-com-a-finger-13-1536x1017.jpg 1536w, https:\/\/finger.ind.br\/wp-content\/uploads\/2026\/04\/penteadeira-planejada-6-projetos-para-se-inspirar-com-a-finger-13-2048x1356.jpg 2048w\" \/><figcaption class=\"wp-element-caption\">Projeto e Execu\u00e7\u00e3o: Finger Balne\u00e1rio <br>Foto Jonathan Haweroth<\/figcaption><\/figure>\n\n\n\n<figure class=\"wp-block-image size-full\"><img data-dominant-color=\"8d7966\" data-has-transparency=\"false\" loading=\"lazy\" decoding=\"async\" width=\"2560\" height=\"1709\" sizes=\"(max-width: 2560px) 100vw, 2560px\" data-id=\"210060\" src=\"https:\/\/finger.ind.br\/wp-content\/uploads\/2025\/10\/moveis-alto-padrao-stuchi-15-scaled.jpg\" alt=\"Ambiente gourmet Finger com integra\u00e7\u00e3o entre cozinha e \u00e1rea social. M\u00f3veis planejados em tons neutros e texturas sofisticadas criam uma atmosfera elegante e acolhedora, perfeita para receber com conforto. SEO foco: ambiente gourmet planejado, integra\u00e7\u00e3o de espa\u00e7os, m\u00f3veis Finger. Cozinha no tom cinza, mesa em m\u00e1rmore preto com p\u00e9s ripados. Cristaleira com vidro canelado.\" class=\"wp-image-210060 not-transparent\" style=\"--dominant-color: #8d7966; aspect-ratio:4\/3\" srcset=\"https:\/\/finger.ind.br\/wp-content\/uploads\/2025\/10\/moveis-alto-padrao-stuchi-15-scaled.jpg 2560w, https:\/\/finger.ind.br\/wp-content\/uploads\/2025\/10\/moveis-alto-padrao-stuchi-15-300x200.jpg 300w, https:\/\/finger.ind.br\/wp-content\/uploads\/2025\/10\/moveis-alto-padrao-stuchi-15-1024x684.jpg 1024w, https:\/\/finger.ind.br\/wp-content\/uploads\/2025\/10\/moveis-alto-padrao-stuchi-15-768x513.jpg 768w, https:\/\/finger.ind.br\/wp-content\/uploads\/2025\/10\/moveis-alto-padrao-stuchi-15-1536x1025.jpg 1536w, https:\/\/finger.ind.br\/wp-content\/uploads\/2025\/10\/moveis-alto-padrao-stuchi-15-2048x1367.jpg 2048w\" \/><figcaption class=\"wp-element-caption\">Apartamento LEA | @leticiastuchi <br>Projeto: Jessika Neckel | Execu\u00e7\u00e3o: Tendenzza Home Decor<br>Foto: J\u00falia Kuhn<\/figcaption><\/figure>\n<\/figure>\n\n\n\n<h3 class=\"wp-block-heading\"><strong>3- Mais possibilidades de armazenamento<\/strong><\/h3>\n\n\n\n<p class=\"wp-block-paragraph\">Quem tem muitas panelas, lou\u00e7as, utens\u00edlios e eletrodom\u00e9sticos sabe o quanto os espa\u00e7os de armazenamento s\u00e3o importantes.<\/p>\n\n\n\n<p class=\"wp-block-paragraph\">E no caso da <strong>cozinha planejada em U<\/strong>, essa demanda \u00e9 suprida porque temos tr\u00eas lados dispon\u00edveis para colocar<a href=\"https:\/\/finger.ind.br\/en\/blog\/moveis-para-cozinha-planejada\/\"> m\u00f3veis planejados<\/a>. Eles permitem que trabalhemos diferentes configura\u00e7\u00f5es de gavetas, gavet\u00f5es, arm\u00e1rios inferiores, a\u00e9reos, nichos e m\u00f3dulos espec\u00edficos.<\/p>\n\n\n\n<figure class=\"wp-block-gallery has-nested-images columns-default is-cropped wp-block-gallery-4 is-layout-flex wp-block-gallery-is-layout-flex\">\n<figure class=\"wp-block-image size-full\"><img loading=\"lazy\" decoding=\"async\" width=\"1709\" height=\"2560\" sizes=\"(max-width: 1709px) 100vw, 1709px\" data-id=\"210133\" src=\"https:\/\/finger.ind.br\/wp-content\/uploads\/2025\/10\/finger-priscilla-camara-2025-16-scaled.jpg\" alt=\"Espa\u00e7o colorido gourmet moderno e funcional com arm\u00e1rios planejados em tom verde-oliva com m\u00f3dulos superiores em madeira clara. A bancada de pedra abriga um cooktop e uma pia integrada, destacados por uma fita de LED aconchegante e um perfil de luz no teto. Cozinha planejada em formato paralelo - cores verde WALD e madeira, estilo praiano - studio de alto padr\u00e3o - cozinha integrada com sala\" class=\"wp-image-210133\" style=\"aspect-ratio:4\/3\" srcset=\"https:\/\/finger.ind.br\/wp-content\/uploads\/2025\/10\/finger-priscilla-camara-2025-16-scaled.jpg 1709w, https:\/\/finger.ind.br\/wp-content\/uploads\/2025\/10\/finger-priscilla-camara-2025-16-200x300.jpg 200w, https:\/\/finger.ind.br\/wp-content\/uploads\/2025\/10\/finger-priscilla-camara-2025-16-684x1024.jpg 684w, https:\/\/finger.ind.br\/wp-content\/uploads\/2025\/10\/finger-priscilla-camara-2025-16-768x1150.jpg 768w, https:\/\/finger.ind.br\/wp-content\/uploads\/2025\/10\/finger-priscilla-camara-2025-16-1025x1536.jpg 1025w, https:\/\/finger.ind.br\/wp-content\/uploads\/2025\/10\/finger-priscilla-camara-2025-16-1367x2048.jpg 1367w\" \/><figcaption class=\"wp-element-caption\">Projeto: Arquiteta Priscilla Camara | M\u00f3veis planejados: Finger Haus Piedade | Foto: Lucas Rangel Photo<\/figcaption><\/figure>\n\n\n\n<figure class=\"wp-block-image size-full\"><img loading=\"lazy\" decoding=\"async\" width=\"2560\" height=\"1707\" sizes=\"(max-width: 2560px) 100vw, 2560px\" data-id=\"54158\" src=\"https:\/\/finger.ind.br\/wp-content\/uploads\/2019\/03\/cozinha-americana-saiba-o-que-e-e-as-vantagens-que-proporciona-11-scaled.jpg\" alt=\"Cozinha americana com ilha em casa nos estados unidos, de alto padr\u00e3o, integrada com varanda, living e \u00e1rea gourmet. Cozinha branca com detalhes amadeirados e formas org\u00e2nicas. Puxadores cromados.\" class=\"wp-image-54158\" style=\"aspect-ratio:4\/3\" srcset=\"https:\/\/finger.ind.br\/wp-content\/uploads\/2019\/03\/cozinha-americana-saiba-o-que-e-e-as-vantagens-que-proporciona-11-scaled.jpg 2560w, https:\/\/finger.ind.br\/wp-content\/uploads\/2019\/03\/cozinha-americana-saiba-o-que-e-e-as-vantagens-que-proporciona-11-300x200.jpg 300w, https:\/\/finger.ind.br\/wp-content\/uploads\/2019\/03\/cozinha-americana-saiba-o-que-e-e-as-vantagens-que-proporciona-11-1024x683.jpg 1024w, https:\/\/finger.ind.br\/wp-content\/uploads\/2019\/03\/cozinha-americana-saiba-o-que-e-e-as-vantagens-que-proporciona-11-768x512.jpg 768w, https:\/\/finger.ind.br\/wp-content\/uploads\/2019\/03\/cozinha-americana-saiba-o-que-e-e-as-vantagens-que-proporciona-11-1536x1024.jpg 1536w, https:\/\/finger.ind.br\/wp-content\/uploads\/2019\/03\/cozinha-americana-saiba-o-que-e-e-as-vantagens-que-proporciona-11-2048x1365.jpg 2048w\" \/><figcaption class=\"wp-element-caption\">Projeto: @davilahomes | Execu\u00e7\u00e3o: @fingerusa<\/figcaption><\/figure>\n\n\n\n<figure class=\"wp-block-image size-full\"><img loading=\"lazy\" decoding=\"async\" width=\"2560\" height=\"1707\" sizes=\"(max-width: 2560px) 100vw, 2560px\" data-id=\"50545\" src=\"https:\/\/finger.ind.br\/wp-content\/uploads\/2024\/02\/fev24-7-dicas-para-montar-a-cozinha-minimalista-que-voce-sempre-quis-5-scaled.jpg\" alt=\"cozinha minimalista. Cozinha de canto planejada\" class=\"wp-image-50545\" style=\"aspect-ratio:4\/3\" srcset=\"https:\/\/finger.ind.br\/wp-content\/uploads\/2024\/02\/fev24-7-dicas-para-montar-a-cozinha-minimalista-que-voce-sempre-quis-5-scaled.jpg 2560w, https:\/\/finger.ind.br\/wp-content\/uploads\/2024\/02\/fev24-7-dicas-para-montar-a-cozinha-minimalista-que-voce-sempre-quis-5-300x200.jpg 300w, https:\/\/finger.ind.br\/wp-content\/uploads\/2024\/02\/fev24-7-dicas-para-montar-a-cozinha-minimalista-que-voce-sempre-quis-5-1024x683.jpg 1024w, https:\/\/finger.ind.br\/wp-content\/uploads\/2024\/02\/fev24-7-dicas-para-montar-a-cozinha-minimalista-que-voce-sempre-quis-5-768x512.jpg 768w, https:\/\/finger.ind.br\/wp-content\/uploads\/2024\/02\/fev24-7-dicas-para-montar-a-cozinha-minimalista-que-voce-sempre-quis-5-1536x1024.jpg 1536w, https:\/\/finger.ind.br\/wp-content\/uploads\/2024\/02\/fev24-7-dicas-para-montar-a-cozinha-minimalista-que-voce-sempre-quis-5-2048x1365.jpg 2048w\" \/><figcaption class=\"wp-element-caption\">Projeto: J\u00e9ssica Dalla Corte &#8211; Execu\u00e7\u00e3o: Master Plus Home Decor &#8211; Foto: Lucas Val\u00eancio<\/figcaption><\/figure>\n\n\n\n<figure class=\"wp-block-image size-full\"><img loading=\"lazy\" decoding=\"async\" width=\"2560\" height=\"1707\" sizes=\"(max-width: 2560px) 100vw, 2560px\" data-id=\"53434\" src=\"https:\/\/finger.ind.br\/wp-content\/uploads\/2025\/03\/cozinha-em-estilo-escandinavo-design-funcional-com-toque-de-luxo-descubra-como-criar-a-sua-scaled.jpg\" alt=\"Cozinha de luxo, com gavetas abertas na ilha para mostrar os divisores de madeira para organiza\u00e7\u00e3o dos talheres, temperos e utens\u00edlios da cozinha. A cozinha \u00e9 em tons de cinza, com detalhes em portas de vidro.\" class=\"wp-image-53434\" style=\"aspect-ratio:4\/3\" srcset=\"https:\/\/finger.ind.br\/wp-content\/uploads\/2025\/03\/cozinha-em-estilo-escandinavo-design-funcional-com-toque-de-luxo-descubra-como-criar-a-sua-scaled.jpg 2560w, https:\/\/finger.ind.br\/wp-content\/uploads\/2025\/03\/cozinha-em-estilo-escandinavo-design-funcional-com-toque-de-luxo-descubra-como-criar-a-sua-300x200.jpg 300w, https:\/\/finger.ind.br\/wp-content\/uploads\/2025\/03\/cozinha-em-estilo-escandinavo-design-funcional-com-toque-de-luxo-descubra-como-criar-a-sua-1024x683.jpg 1024w, https:\/\/finger.ind.br\/wp-content\/uploads\/2025\/03\/cozinha-em-estilo-escandinavo-design-funcional-com-toque-de-luxo-descubra-como-criar-a-sua-768x512.jpg 768w, https:\/\/finger.ind.br\/wp-content\/uploads\/2025\/03\/cozinha-em-estilo-escandinavo-design-funcional-com-toque-de-luxo-descubra-como-criar-a-sua-1536x1024.jpg 1536w, https:\/\/finger.ind.br\/wp-content\/uploads\/2025\/03\/cozinha-em-estilo-escandinavo-design-funcional-com-toque-de-luxo-descubra-como-criar-a-sua-2048x1365.jpg 2048w\" \/><figcaption class=\"wp-element-caption\">Showroom: Finger Col\u00f4mbia<\/figcaption><\/figure>\n\n\n\n<figure class=\"wp-block-image size-full\"><img loading=\"lazy\" decoding=\"async\" width=\"2560\" height=\"1494\" sizes=\"(max-width: 2560px) 100vw, 2560px\" data-id=\"52941\" src=\"https:\/\/finger.ind.br\/wp-content\/uploads\/2024\/12\/cena-201-cozinha-com-living-off-white-keramik-eiche-detalhe-01-scaled.jpg\" alt=\"cozinha com ilha Finger - terracota - keramik e eiche - linhas org\u00e2nicas - sistema de eleva\u00e7\u00e3o - hafele\" class=\"wp-image-52941\" style=\"aspect-ratio:4\/3\" srcset=\"https:\/\/finger.ind.br\/wp-content\/uploads\/2024\/12\/cena-201-cozinha-com-living-off-white-keramik-eiche-detalhe-01-scaled.jpg 2560w, https:\/\/finger.ind.br\/wp-content\/uploads\/2024\/12\/cena-201-cozinha-com-living-off-white-keramik-eiche-detalhe-01-300x175.jpg 300w, https:\/\/finger.ind.br\/wp-content\/uploads\/2024\/12\/cena-201-cozinha-com-living-off-white-keramik-eiche-detalhe-01-1024x598.jpg 1024w, https:\/\/finger.ind.br\/wp-content\/uploads\/2024\/12\/cena-201-cozinha-com-living-off-white-keramik-eiche-detalhe-01-768x448.jpg 768w, https:\/\/finger.ind.br\/wp-content\/uploads\/2024\/12\/cena-201-cozinha-com-living-off-white-keramik-eiche-detalhe-01-1536x897.jpg 1536w, https:\/\/finger.ind.br\/wp-content\/uploads\/2024\/12\/cena-201-cozinha-com-living-off-white-keramik-eiche-detalhe-01-2048x1195.jpg 2048w\" \/><figcaption class=\"wp-element-caption\">Sistema Eleva\u00e7\u00e3o &#8211; Hafele<\/figcaption><\/figure>\n\n\n\n<figure class=\"wp-block-image size-full\"><img loading=\"lazy\" decoding=\"async\" width=\"1440\" height=\"1440\" sizes=\"(max-width: 1440px) 100vw, 1440px\" data-id=\"27993\" src=\"https:\/\/finger.ind.br\/wp-content\/uploads\/2021\/09\/organizacao-na-cozinha-7-dicas-que-podem-te-ajudar-no-dia-a-dia-2.jpg\" alt=\"Gaveta com divisor para organizador de panelas e tampas. Espa\u00e7o gourmet organizado\" class=\"wp-image-27993\" style=\"aspect-ratio:4\/3\" srcset=\"https:\/\/finger.ind.br\/wp-content\/uploads\/2021\/09\/organizacao-na-cozinha-7-dicas-que-podem-te-ajudar-no-dia-a-dia-2.jpg 1440w, https:\/\/finger.ind.br\/wp-content\/uploads\/2021\/09\/organizacao-na-cozinha-7-dicas-que-podem-te-ajudar-no-dia-a-dia-2-300x300.jpg 300w, https:\/\/finger.ind.br\/wp-content\/uploads\/2021\/09\/organizacao-na-cozinha-7-dicas-que-podem-te-ajudar-no-dia-a-dia-2-1024x1024.jpg 1024w, https:\/\/finger.ind.br\/wp-content\/uploads\/2021\/09\/organizacao-na-cozinha-7-dicas-que-podem-te-ajudar-no-dia-a-dia-2-150x150.jpg 150w, https:\/\/finger.ind.br\/wp-content\/uploads\/2021\/09\/organizacao-na-cozinha-7-dicas-que-podem-te-ajudar-no-dia-a-dia-2-768x768.jpg 768w\" \/><\/figure>\n<\/figure>\n\n\n\n<h3 class=\"wp-block-heading\"><strong>4- Uma cozinha preparada para receber<\/strong><\/h3>\n\n\n\n<p class=\"wp-block-paragraph\">Para quem gosta de cozinhar enquanto recebe amigos ou familiares, o formato em U tamb\u00e9m abre possibilidades interessantes para confraterniza\u00e7\u00f5es.<\/p>\n\n\n\n<p class=\"wp-block-paragraph\">Como falamos mais acima, dependendo do projeto, um dos lados do U pode funcionar como transi\u00e7\u00e3o para a \u00e1rea social. E isso permite que as pessoas se aproximem da cozinha sem necessariamente ocupar a \u00e1rea de preparo.<\/p>\n\n\n\n<figure class=\"wp-block-embed is-type-video is-provider-youtube wp-block-embed-youtube wp-embed-aspect-16-9 wp-has-aspect-ratio\"><div class=\"wp-block-embed__wrapper\">\n<iframe loading=\"lazy\" title=\"Cozinha linda com pen\u00ednsula e ambientes integrados!\" width=\"500\" height=\"281\" src=\"https:\/\/www.youtube.com\/embed\/8kSttPSKiU4?feature=oembed&#038;enablejsapi=1&#038;origin=https:\/\/finger.ind.br\" frameborder=\"0\" allow=\"accelerometer; autoplay; clipboard-write; encrypted-media; gyroscope; picture-in-picture; web-share\" referrerpolicy=\"strict-origin-when-cross-origin\" allowfullscreen><\/iframe>\n<\/div><\/figure>\n\n\n\n<p class=\"wp-block-paragraph\">Voc\u00ea tamb\u00e9m pode gostar | <a href=\"https:\/\/finger.ind.br\/en\/blog\/moveis-de-cozinha-planejados\/\">M\u00f3veis de cozinha planejados: o que considerar na escolha?<\/a><\/p>\n\n\n\n<h2 class=\"wp-block-heading\"><strong>Cozinha em U com bancada: expandindo as possibilidades<\/strong><\/h2>\n\n\n\n<p class=\"wp-block-paragraph\">A <strong>cozinha em U com bancada<\/strong> \u00e9 a configura\u00e7\u00e3o que usamos quando queremos manter o desenho em U, e ao mesmo tempo criar uma rela\u00e7\u00e3o mais pr\u00f3xima com outro ambiente.&nbsp;<\/p>\n\n\n\n<p class=\"wp-block-paragraph\">Ela pode assumir diferentes fun\u00e7\u00f5es, como: servir para a prepara\u00e7\u00e3o de alimentos, fazer refei\u00e7\u00f5es r\u00e1pidas e tomar caf\u00e9 pela manh\u00e3. Ou, se fizer parte da rotina da fam\u00edlia, apoiar pratos e bebidas quando ela recebe convidados.&nbsp;<\/p>\n\n\n\n<p class=\"wp-block-paragraph\">Em uma <strong>cozinha em U<\/strong> cercada por tr\u00eas paredes, os tr\u00eas lados ficam pertencentes \u00e0 estrutura de um \u00fanico c\u00f4modo: a cozinha em si. J\u00e1 em projetos com bancada, uma das laterais pode avan\u00e7ar para a sala sem depender de uma parede.&nbsp;<\/p>\n\n\n\n<figure class=\"wp-block-gallery has-nested-images columns-default is-cropped wp-block-gallery-5 is-layout-flex wp-block-gallery-is-layout-flex\">\n<figure class=\"wp-block-image size-large\"><img loading=\"lazy\" decoding=\"async\" width=\"1024\" height=\"597\" sizes=\"(max-width: 1024px) 100vw, 1024px\" data-id=\"55537\" src=\"https:\/\/finger.ind.br\/wp-content\/uploads\/2025\/07\/Cozinha-Vaga-Brava-Projeto-Natalia-Veloso-Arquitetura-Execucao-Finger-Goias-Fotos-Play-Motioon-1024x597.jpg\" alt=\"Cozinha em U Vaga Brava - Projeto Nat\u00e1lia Veloso Arquitetura - Execu\u00e7\u00e3o Finger Goias - Fotos Play Motioon\" class=\"wp-image-55537\" srcset=\"https:\/\/finger.ind.br\/wp-content\/uploads\/2025\/07\/Cozinha-Vaga-Brava-Projeto-Natalia-Veloso-Arquitetura-Execucao-Finger-Goias-Fotos-Play-Motioon-1024x597.jpg 1024w, https:\/\/finger.ind.br\/wp-content\/uploads\/2025\/07\/Cozinha-Vaga-Brava-Projeto-Natalia-Veloso-Arquitetura-Execucao-Finger-Goias-Fotos-Play-Motioon-300x175.jpg 300w, https:\/\/finger.ind.br\/wp-content\/uploads\/2025\/07\/Cozinha-Vaga-Brava-Projeto-Natalia-Veloso-Arquitetura-Execucao-Finger-Goias-Fotos-Play-Motioon-768x448.jpg 768w, https:\/\/finger.ind.br\/wp-content\/uploads\/2025\/07\/Cozinha-Vaga-Brava-Projeto-Natalia-Veloso-Arquitetura-Execucao-Finger-Goias-Fotos-Play-Motioon.jpg 1200w\" \/><figcaption class=\"wp-element-caption\">Projeto: Nat\u00e1lia Veloso Arquitetura<br>Execu\u00e7\u00e3o: Finger Goias | Foto: Play Motioon<\/figcaption><\/figure>\n\n\n\n<figure class=\"wp-block-image size-large\"><img loading=\"lazy\" decoding=\"async\" width=\"960\" height=\"640\" data-id=\"54446\" src=\"https:\/\/finger.ind.br\/wp-content\/uploads\/2025\/07\/Imagens-Soul-Collection-1.png\" alt=\"\" class=\"wp-image-54446\" srcset=\"https:\/\/finger.ind.br\/wp-content\/uploads\/2025\/07\/Imagens-Soul-Collection-1.png 960w, https:\/\/finger.ind.br\/wp-content\/uploads\/2025\/07\/Imagens-Soul-Collection-1-300x200.png 300w, https:\/\/finger.ind.br\/wp-content\/uploads\/2025\/07\/Imagens-Soul-Collection-1-768x512.png 768w\" sizes=\"(max-width: 960px) 100vw, 960px\" \/><figcaption class=\"wp-element-caption\">Cozinha Soul Collection<\/figcaption><\/figure>\n\n\n\n<figure class=\"wp-block-image size-large\"><img loading=\"lazy\" decoding=\"async\" width=\"1024\" height=\"684\" sizes=\"(max-width: 1024px) 100vw, 1024px\" data-id=\"53458\" src=\"https:\/\/finger.ind.br\/wp-content\/uploads\/2025\/03\/cozinha-intima-com-torre-quente-1024x684.jpg\" alt=\"Foto mostra uma cozinha \u00edntima para o dia-a-dia em tom de cinza com madeira. A \u00e1rea de trabalho \u00e9 ampla entre fog\u00e3o e a pia em formato L. Na ponta da cozinha, sai uma bancada pequena com formas arredondadas para lanches r\u00e1pidos comportando 3 pessoas. Em frente a mesa, est\u00e1 a torre quente e de armazenamento na geladeira.\" class=\"wp-image-53458\" srcset=\"https:\/\/finger.ind.br\/wp-content\/uploads\/2025\/03\/cozinha-intima-com-torre-quente-1024x684.jpg 1024w, https:\/\/finger.ind.br\/wp-content\/uploads\/2025\/03\/cozinha-intima-com-torre-quente-300x200.jpg 300w, https:\/\/finger.ind.br\/wp-content\/uploads\/2025\/03\/cozinha-intima-com-torre-quente-768x513.jpg 768w, https:\/\/finger.ind.br\/wp-content\/uploads\/2025\/03\/cozinha-intima-com-torre-quente-1536x1025.jpg 1536w, https:\/\/finger.ind.br\/wp-content\/uploads\/2025\/03\/cozinha-intima-com-torre-quente-2048x1367.jpg 2048w\" \/><figcaption class=\"wp-element-caption\">Projeto: Caza Arquitetura | Mobili\u00e1rio personalizado: Finger M\u00f3veis<br>Foto: Maykel Orlandi<\/figcaption><\/figure>\n<\/figure>\n\n\n\n<h2 class=\"wp-block-heading\"><strong>Obtendo sucesso no projeto de cozinha planejada em U<\/strong><\/h2>\n\n\n\n<p class=\"wp-block-paragraph\">Para que o resultado final seja impec\u00e1vel e a cozinha se mantenha limpa e atual, precisamos olhar para tudo aquilo que far\u00e1 parte dela durante anos. E isso come\u00e7a pela escolha dos m\u00f3veis planejados.<\/p>\n\n\n\n<p class=\"wp-block-paragraph\">Projetos bem executados de <strong>cozinha em U<\/strong> consideram:<\/p>\n\n\n\n<ul class=\"wp-block-list\">\n<li>As medidas reais do ambiente;<\/li>\n\n\n\n<li>A posi\u00e7\u00e3o dos pontos hidr\u00e1ulicos e el\u00e9tricos;<\/li>\n\n\n\n<li>Os eletrodom\u00e9sticos;<\/li>\n\n\n\n<li>A abertura de portas e gavetas;<\/li>\n\n\n\n<li>E, principalmente, os h\u00e1bitos da fam\u00edlia.<\/li>\n<\/ul>\n\n\n\n<p class=\"wp-block-paragraph\">Se isso n\u00e3o for considerado desde o come\u00e7o, a fam\u00edlia at\u00e9 pode ter um projeto bonito visualmente, mas que n\u00e3o funciona.<\/p>\n\n\n\n<p class=\"wp-block-paragraph\">A paleta de cores \u00e9 outro ponto que merece aten\u00e7\u00e3o. Como a <strong>cozinha em U<\/strong> pode ter m\u00f3veis ocupando tr\u00eas lados, as cores, os acabamentos e os revestimentos precisam ser combinados entre si.&nbsp;<\/p>\n\n\n\n<p class=\"wp-block-paragraph\">Pensar na ilumina\u00e7\u00e3o tamb\u00e9m \u00e9 v\u00e1lido. Al\u00e9m da luz geral, \u00e9 importante ter pontos direcionados sobre as bancadas e \u00e1reas de preparo para facilitar a execu\u00e7\u00e3o das tarefas e ainda deixar o ambiente acolhedor.<\/p>\n\n\n\n<p class=\"wp-block-paragraph\">E o cuidado continua depois que o projeto fica pronto.&nbsp;<\/p>\n\n\n\n<p class=\"wp-block-paragraph\">A fam\u00edlia precisa se comprometer com a limpeza, usar produtos adequados aos acabamentos e cuidar das ferragens para preservar os m\u00f3veis e a sensa\u00e7\u00e3o de cozinha nova.<\/p>\n\n\n\n<p class=\"wp-block-paragraph\">Outros cuidados que valem a pena e que o time Finger recomenda fortemente:<\/p>\n\n\n\n<ul class=\"wp-block-list\">\n<li>Planejar os eletrodom\u00e9sticos antes dos m\u00f3veis para que geladeira, forno, cooktop, lava-lou\u00e7as e demais equipamentos tenham posi\u00e7\u00e3o e medidas definidas;<\/li>\n\n\n\n<li>N\u00e3o ignorar os cantos dos m\u00f3veis para que essas \u00e1reas n\u00e3o sejam dif\u00edceis de acessar;<\/li>\n\n\n\n<li>Pensar em quem cozinha junto, pois se duas ou mais pessoas usam o ambiente ao mesmo tempo, a circula\u00e7\u00e3o precisa acompanhar essa din\u00e2mica;<\/li>\n\n\n\n<li>Evitar preencher todas as paredes sem necessidade, pois, al\u00e9m do armazenamento, \u00e9 importante mantermos equil\u00edbrio visual;<\/li>\n\n\n\n<li>Personalizar os interiores com divis\u00f3rias, gavet\u00f5es, porta-temperos e outros recursos para que a fam\u00edlia tenha uma cozinha que se encaixa na sua rotina.<\/li>\n<\/ul>\n\n\n\n<figure class=\"wp-block-gallery has-nested-images columns-default is-cropped wp-block-gallery-6 is-layout-flex wp-block-gallery-is-layout-flex\">\n<figure class=\"wp-block-image size-full\"><img loading=\"lazy\" decoding=\"async\" width=\"2560\" height=\"1707\" sizes=\"(max-width: 2560px) 100vw, 2560px\" data-id=\"23576\" src=\"https:\/\/finger.ind.br\/wp-content\/uploads\/2020\/12\/quando-investir-em-uma-cozinha-integrada-2-scaled.jpg\" alt=\"cozinha integrada sala estar\" class=\"wp-image-23576\" style=\"aspect-ratio:4\/3\" srcset=\"https:\/\/finger.ind.br\/wp-content\/uploads\/2020\/12\/quando-investir-em-uma-cozinha-integrada-2-scaled.jpg 2560w, https:\/\/finger.ind.br\/wp-content\/uploads\/2020\/12\/quando-investir-em-uma-cozinha-integrada-2-300x200.jpg 300w, https:\/\/finger.ind.br\/wp-content\/uploads\/2020\/12\/quando-investir-em-uma-cozinha-integrada-2-1024x683.jpg 1024w, https:\/\/finger.ind.br\/wp-content\/uploads\/2020\/12\/quando-investir-em-uma-cozinha-integrada-2-768x512.jpg 768w, https:\/\/finger.ind.br\/wp-content\/uploads\/2020\/12\/quando-investir-em-uma-cozinha-integrada-2-1536x1024.jpg 1536w, https:\/\/finger.ind.br\/wp-content\/uploads\/2020\/12\/quando-investir-em-uma-cozinha-integrada-2-2048x1365.jpg 2048w\" \/><figcaption class=\"wp-element-caption\">Projeto: Danieli Bonatto Interiores <br>Execu\u00e7\u00e3o: Atrativa Finger Conc\u00f3rdia<br>Foto: J\u00falio Gomes Filho<\/figcaption><\/figure>\n\n\n\n<figure class=\"wp-block-image size-full\"><img loading=\"lazy\" decoding=\"async\" width=\"2560\" height=\"1707\" sizes=\"(max-width: 2560px) 100vw, 2560px\" data-id=\"53446\" src=\"https:\/\/finger.ind.br\/wp-content\/uploads\/2025\/03\/torre-quente-para-cozinha-planejada-ergonomia-e-sofisticacao-ao-seu-alcance-1-scaled.jpg\" alt=\"cozinha luxuosa nos estados unidos, em tons claros com portas de espelho refletivas com ilha ampla e marmore branco.\" class=\"wp-image-53446\" style=\"aspect-ratio:4\/3\" srcset=\"https:\/\/finger.ind.br\/wp-content\/uploads\/2025\/03\/torre-quente-para-cozinha-planejada-ergonomia-e-sofisticacao-ao-seu-alcance-1-scaled.jpg 2560w, https:\/\/finger.ind.br\/wp-content\/uploads\/2025\/03\/torre-quente-para-cozinha-planejada-ergonomia-e-sofisticacao-ao-seu-alcance-1-300x200.jpg 300w, https:\/\/finger.ind.br\/wp-content\/uploads\/2025\/03\/torre-quente-para-cozinha-planejada-ergonomia-e-sofisticacao-ao-seu-alcance-1-1024x683.jpg 1024w, https:\/\/finger.ind.br\/wp-content\/uploads\/2025\/03\/torre-quente-para-cozinha-planejada-ergonomia-e-sofisticacao-ao-seu-alcance-1-768x512.jpg 768w, https:\/\/finger.ind.br\/wp-content\/uploads\/2025\/03\/torre-quente-para-cozinha-planejada-ergonomia-e-sofisticacao-ao-seu-alcance-1-1536x1024.jpg 1536w, https:\/\/finger.ind.br\/wp-content\/uploads\/2025\/03\/torre-quente-para-cozinha-planejada-ergonomia-e-sofisticacao-ao-seu-alcance-1-2048x1365.jpg 2048w\" \/><figcaption class=\"wp-element-caption\">Casa em Winter Garden &#8211; Fl\u00f3rida <br>Projeto: Juliana Bortolato &#8211; Execu\u00e7\u00e3o: Finger USA <br>Foto: Feitosa Films Production<\/figcaption><\/figure>\n\n\n\n<figure class=\"wp-block-image size-full\"><img data-dominant-color=\"b98d61\" data-has-transparency=\"false\" loading=\"lazy\" decoding=\"async\" width=\"2048\" height=\"1536\" sizes=\"(max-width: 2048px) 100vw, 2048px\" data-id=\"211741\" src=\"https:\/\/finger.ind.br\/wp-content\/uploads\/2025\/12\/img-7516.jpg\" alt=\"Espa\u00e7o gourmet Tend\u00eancia de cozinha 2026\" class=\"wp-image-211741 not-transparent\" style=\"--dominant-color: #b98d61; aspect-ratio:4\/3\" srcset=\"https:\/\/finger.ind.br\/wp-content\/uploads\/2025\/12\/img-7516.jpg 2048w, https:\/\/finger.ind.br\/wp-content\/uploads\/2025\/12\/img-7516-300x225.jpg 300w, https:\/\/finger.ind.br\/wp-content\/uploads\/2025\/12\/img-7516-1024x768.jpg 1024w, https:\/\/finger.ind.br\/wp-content\/uploads\/2025\/12\/img-7516-768x576.jpg 768w, https:\/\/finger.ind.br\/wp-content\/uploads\/2025\/12\/img-7516-1536x1152.jpg 1536w\" \/><figcaption class=\"wp-element-caption\">Decorado Prime <br>Construtora Diamond <br>Execu\u00e7\u00e3o: @finger.mariperin<\/figcaption><\/figure>\n<\/figure>\n\n\n\n<p class=\"wp-block-paragraph\">Cada projeto \u00e9 um universo de possibilidades e a Finger est\u00e1 preparada para explorar todos os caminhos. <a href=\"https:\/\/proposta.finger.ind.br\/\">Solicite uma proposta online<\/a> para dar vida ao seu projeto de cozinha nova; ou se preferir, <a href=\"https:\/\/finger.ind.br\/showrooms\/\">visite um de nossos showrooms mais pr\u00f3ximos<\/a>!<\/p>\n\n\n\n<h2 class=\"wp-block-heading\"><strong>As pessoas tamb\u00e9m perguntam<\/strong><\/h2>\n\n\n\n<h3 class=\"wp-block-heading\"><strong>Qual o formato de uma cozinha em U?<\/strong><\/h3>\n\n\n\n<p class=\"wp-block-paragraph\">A <strong>cozinha em U<\/strong> ocupa tr\u00eas lados do ambiente que formam um desenho de U. Esses lados podem receber bancadas, arm\u00e1rios, pia e diversos eletrodom\u00e9sticos.&nbsp;<\/p>\n\n\n\n<figure class=\"wp-block-gallery has-nested-images columns-default is-cropped wp-block-gallery-7 is-layout-flex wp-block-gallery-is-layout-flex\">\n<figure class=\"wp-block-image size-full\"><img data-dominant-color=\"56544c\" data-has-transparency=\"false\" loading=\"lazy\" decoding=\"async\" width=\"999\" height=\"667\" sizes=\"(max-width: 999px) 100vw, 999px\" data-id=\"211838\" src=\"https:\/\/finger.ind.br\/wp-content\/uploads\/2025\/12\/fotografia-digital-77.jpg\" alt=\"Cozinha Gourmet em Azul Samoa com Haya. Espa\u00e7o gourmet\" class=\"wp-image-211838 not-transparent\" style=\"--dominant-color: #56544c; aspect-ratio:4\/3\" srcset=\"https:\/\/finger.ind.br\/wp-content\/uploads\/2025\/12\/fotografia-digital-77.jpg 999w, https:\/\/finger.ind.br\/wp-content\/uploads\/2025\/12\/fotografia-digital-77-300x200.jpg 300w, https:\/\/finger.ind.br\/wp-content\/uploads\/2025\/12\/fotografia-digital-77-768x513.jpg 768w\" \/><figcaption class=\"wp-element-caption\">Projeto: Codesi Arq e Interiores <br>Execu\u00e7\u00e3o: Finger NH e Finger Gramado <br>Foto: Michael Estevens <\/figcaption><\/figure>\n\n\n\n<figure class=\"wp-block-image size-full\"><img data-dominant-color=\"b0b1b2\" data-has-transparency=\"false\" loading=\"lazy\" decoding=\"async\" width=\"2560\" height=\"1695\" sizes=\"(max-width: 2560px) 100vw, 2560px\" data-id=\"214144\" src=\"https:\/\/finger.ind.br\/wp-content\/uploads\/2026\/04\/penteadeira-planejada-6-projetos-para-se-inspirar-com-a-finger-13-scaled.jpg\" alt=\"Cozinha em tons claros - apartamento beira mar - atmosfera suave. Cozinha planejada de canto\" class=\"wp-image-214144 not-transparent\" style=\"--dominant-color: #b0b1b2; aspect-ratio:4\/3\" srcset=\"https:\/\/finger.ind.br\/wp-content\/uploads\/2026\/04\/penteadeira-planejada-6-projetos-para-se-inspirar-com-a-finger-13-scaled.jpg 2560w, https:\/\/finger.ind.br\/wp-content\/uploads\/2026\/04\/penteadeira-planejada-6-projetos-para-se-inspirar-com-a-finger-13-300x199.jpg 300w, https:\/\/finger.ind.br\/wp-content\/uploads\/2026\/04\/penteadeira-planejada-6-projetos-para-se-inspirar-com-a-finger-13-1024x678.jpg 1024w, https:\/\/finger.ind.br\/wp-content\/uploads\/2026\/04\/penteadeira-planejada-6-projetos-para-se-inspirar-com-a-finger-13-768x509.jpg 768w, https:\/\/finger.ind.br\/wp-content\/uploads\/2026\/04\/penteadeira-planejada-6-projetos-para-se-inspirar-com-a-finger-13-1536x1017.jpg 1536w, https:\/\/finger.ind.br\/wp-content\/uploads\/2026\/04\/penteadeira-planejada-6-projetos-para-se-inspirar-com-a-finger-13-2048x1356.jpg 2048w\" \/><figcaption class=\"wp-element-caption\">Projeto e Execu\u00e7\u00e3o: Finger Balne\u00e1rio<br>Foto Jonathan Haweroth<\/figcaption><\/figure>\n\n\n\n<figure class=\"wp-block-image size-full\"><img data-dominant-color=\"8e7e71\" data-has-transparency=\"false\" loading=\"lazy\" decoding=\"async\" width=\"1706\" height=\"2560\" sizes=\"(max-width: 1706px) 100vw, 1706px\" data-id=\"215471\" src=\"https:\/\/finger.ind.br\/wp-content\/uploads\/2026\/07\/1-52-scaled.jpg\" alt=\"Cozinha em U\" class=\"wp-image-215471 not-transparent\" style=\"--dominant-color: #8e7e71; aspect-ratio:4\/3\" srcset=\"https:\/\/finger.ind.br\/wp-content\/uploads\/2026\/07\/1-52-scaled.jpg 1706w, https:\/\/finger.ind.br\/wp-content\/uploads\/2026\/07\/1-52-200x300.jpg 200w, https:\/\/finger.ind.br\/wp-content\/uploads\/2026\/07\/1-52-683x1024.jpg 683w, https:\/\/finger.ind.br\/wp-content\/uploads\/2026\/07\/1-52-768x1152.jpg 768w, https:\/\/finger.ind.br\/wp-content\/uploads\/2026\/07\/1-52-1024x1536.jpg 1024w, https:\/\/finger.ind.br\/wp-content\/uploads\/2026\/07\/1-52-1365x2048.jpg 1365w\" \/><figcaption class=\"wp-element-caption\">Cliente: Paula Sampaio &#8211; Projeto: arquiteta Nat\u00e1lia Coelho <br>Execu\u00e7\u00e3o: Edy Planejados <br>Foto: Caroline de Moraes<\/figcaption><\/figure>\n<\/figure>\n\n\n\n<h3 class=\"wp-block-heading\"><strong>Qual o tamanho ideal para uma cozinha em U?<\/strong><\/h3>\n\n\n\n<p class=\"wp-block-paragraph\">O tamanho ideal \u00e9 aquele que permite a circula\u00e7\u00e3o entre todos os lados da cozinha e que n\u00e3o prejudica a abertura de arm\u00e1rios e uso de eletrodom\u00e9sticos. Por isso, se a sua ideia \u00e9 trazer o formato em U para dentro do seu lar, <a href=\"https:\/\/proposta.finger.ind.br\/\">converse com a Finger para cuidar de todos os seus m\u00f3veis planejados.<\/a>&nbsp;<\/p>\n\n\n\n<figure class=\"wp-block-gallery has-nested-images columns-default is-cropped wp-block-gallery-8 is-layout-flex wp-block-gallery-is-layout-flex\">\n<figure class=\"wp-block-image size-full\"><img data-dominant-color=\"aca48e\" data-has-transparency=\"false\" loading=\"lazy\" decoding=\"async\" width=\"2560\" height=\"1707\" sizes=\"(max-width: 2560px) 100vw, 2560px\" data-id=\"214193\" src=\"https:\/\/finger.ind.br\/wp-content\/uploads\/2026\/04\/img-3133-scaled.jpg\" alt=\"Cozinha Azul e bege com Ilha com cristaleira e sala de jantar\" class=\"wp-image-214193 not-transparent\" style=\"--dominant-color: #aca48e; aspect-ratio:4\/3\" srcset=\"https:\/\/finger.ind.br\/wp-content\/uploads\/2026\/04\/img-3133-scaled.jpg 2560w, https:\/\/finger.ind.br\/wp-content\/uploads\/2026\/04\/img-3133-300x200.jpg 300w, https:\/\/finger.ind.br\/wp-content\/uploads\/2026\/04\/img-3133-1024x683.jpg 1024w, https:\/\/finger.ind.br\/wp-content\/uploads\/2026\/04\/img-3133-768x512.jpg 768w, https:\/\/finger.ind.br\/wp-content\/uploads\/2026\/04\/img-3133-1536x1024.jpg 1536w, https:\/\/finger.ind.br\/wp-content\/uploads\/2026\/04\/img-3133-2048x1365.jpg 2048w\" \/><figcaption class=\"wp-element-caption\">Projeto e Execu\u00e7\u00e3o: Atrativa Finger Conc\u00f3rdia <br>Foto: J\u00falio Gomes Filho<\/figcaption><\/figure>\n\n\n\n<figure class=\"wp-block-image size-full\"><img data-dominant-color=\"afb0b0\" data-has-transparency=\"false\" loading=\"lazy\" decoding=\"async\" width=\"1280\" height=\"854\" sizes=\"(max-width: 1280px) 100vw, 1280px\" data-id=\"213000\" src=\"https:\/\/finger.ind.br\/wp-content\/uploads\/2026\/03\/31.2.jpg\" alt=\"Casa de altissimo padr\u00e3o em alphaville. Implantada no Tambor\u00e9 2, esta resid\u00eancia nasce para redefinir o viver contempor\u00e2neo: volumes puros, integra\u00e7\u00e3o total com a natureza e uma atmosfera de sofistica\u00e7\u00e3o em cada detalhe. Com mais de 3.000 m\u00b2 de terreno, p\u00e9-direito duplo, transpar\u00eancias generosas e um desenho arquitet\u00f4nico pensado para acolher a luz, a Cristal oferece espa\u00e7os que unem arte, conforto e funcionalidade. Cristal. Mais que uma casa, um \u00edcone do alto padr\u00e3o. Cozinha\" class=\"wp-image-213000 not-transparent\" style=\"--dominant-color: #afb0b0; aspect-ratio:4\/3\" srcset=\"https:\/\/finger.ind.br\/wp-content\/uploads\/2026\/03\/31.2.jpg 1280w, https:\/\/finger.ind.br\/wp-content\/uploads\/2026\/03\/31.2-300x200.jpg 300w, https:\/\/finger.ind.br\/wp-content\/uploads\/2026\/03\/31.2-1024x683.jpg 1024w, https:\/\/finger.ind.br\/wp-content\/uploads\/2026\/03\/31.2-768x512.jpg 768w\" \/><figcaption class=\"wp-element-caption\">Luxury Home Cristal por @mapagroupbr<\/figcaption><\/figure>\n\n\n\n<figure class=\"wp-block-image size-full\"><img data-dominant-color=\"746b5b\" data-has-transparency=\"false\" loading=\"lazy\" decoding=\"async\" width=\"2560\" height=\"1707\" sizes=\"(max-width: 2560px) 100vw, 2560px\" data-id=\"211763\" src=\"https:\/\/finger.ind.br\/wp-content\/uploads\/2025\/12\/img-3774-scaled.jpg\" alt=\"Cozinha Edles com ilha curva e arredondada, com adega e suporte de vinhos da Villaggio. Tend\u00eancia de cozinha 2026\" class=\"wp-image-211763 not-transparent\" style=\"--dominant-color: #746b5b; aspect-ratio:4\/3\" srcset=\"https:\/\/finger.ind.br\/wp-content\/uploads\/2025\/12\/img-3774-scaled.jpg 2560w, https:\/\/finger.ind.br\/wp-content\/uploads\/2025\/12\/img-3774-300x200.jpg 300w, https:\/\/finger.ind.br\/wp-content\/uploads\/2025\/12\/img-3774-1024x683.jpg 1024w, https:\/\/finger.ind.br\/wp-content\/uploads\/2025\/12\/img-3774-768x512.jpg 768w, https:\/\/finger.ind.br\/wp-content\/uploads\/2025\/12\/img-3774-1536x1024.jpg 1536w, https:\/\/finger.ind.br\/wp-content\/uploads\/2025\/12\/img-3774-2048x1365.jpg 2048w\" \/><figcaption class=\"wp-element-caption\">Projeto: Studio Carolina Brandalise <br>Execu\u00e7\u00e3o: Kwest Solu\u00e7\u00f5es <br>Foto: Rodrigo de Toni<\/figcaption><\/figure>\n<\/figure>\n","protected":false},"excerpt":{"rendered":"<p>Todo projeto de cozinha nova passa por etapas antes da fam\u00edlia finalmente entrar no ambiente e pensar: \u201cQue maravilha! Vou adorar reunir meus amigos e familiares aqui!\u201d Uma dessas etapas, inclusive, \u00e9 a defini\u00e7\u00e3o do layout: se uma cozinha americana, linear, com ilha ou uma cozinha em U. Se voc\u00ea j\u00e1 optou pelo formato de [&hellip;]<\/p>\n","protected":false},"author":3,"featured_media":52705,"comment_status":"closed","ping_status":"closed","sticky":false,"template":"","format":"standard","meta":{"_acf_changed":false,"footnotes":""},"categories":[247],"tags":[339,952],"class_list":["post-215858","post","type-post","status-publish","format-standard","has-post-thumbnail","hentry","category-ambientes-es","tag-cozinha","tag-moveis-planejados"],"acf":[],"yoast_head":"<!-- This site is optimized with the Yoast SEO plugin v28.3 - https:\/\/yoast.com\/product\/yoast-seo-wordpress\/ -->\n<title>Cozinha em U: layout que valoriza e otimiza o ambiente<\/title>\n<meta name=\"description\" content=\"Quer ter uma cozinha em U? Conhe\u00e7a as possibilidades desse layout, seus benef\u00edcios e os cuidados para manter o projeto bonito e glamouroso.\" \/>\n<meta name=\"robots\" content=\"index, follow, max-snippet:-1, max-image-preview:large, max-video-preview:-1\" \/>\n<link rel=\"canonical\" href=\"https:\/\/finger.ind.br\/en\/blog\/cozinha-em-u\/\" \/>\n<meta property=\"og:locale\" content=\"en_US\" \/>\n<meta property=\"og:type\" content=\"article\" \/>\n<meta property=\"og:title\" content=\"Cozinha em U: layout que valoriza e otimiza o ambiente\" \/>\n<meta property=\"og:description\" content=\"Quer ter uma cozinha em U? Conhe\u00e7a as possibilidades desse layout, seus benef\u00edcios e os cuidados para manter o projeto bonito e glamouroso.\" \/>\n<meta property=\"og:url\" content=\"https:\/\/finger.ind.br\/en\/blog\/cozinha-em-u\/\" \/>\n<meta property=\"og:site_name\" content=\"Finger M\u00f3veis Planejados\" \/>\n<meta property=\"article:published_time\" content=\"2026-08-31T11:30:00+00:00\" \/>\n<meta property=\"article:modified_time\" content=\"2026-08-31T12:06:55+00:00\" \/>\n<meta property=\"og:image\" content=\"https:\/\/finger.ind.br\/wp-content\/uploads\/2024\/10\/explorando-modelos-de-cozinha-planejada-encontre-o-seu-estilo-3-scaled.jpg\" \/>\n\t<meta property=\"og:image:width\" content=\"2560\" \/>\n\t<meta property=\"og:image:height\" content=\"1707\" \/>\n\t<meta property=\"og:image:type\" content=\"image\/jpeg\" \/>\n<meta name=\"author\" content=\"Equipe de Marketing da Finger\" \/>\n<meta name=\"twitter:card\" content=\"summary_large_image\" \/>\n<meta name=\"twitter:label1\" content=\"Written by\" \/>\n\t<meta name=\"twitter:data1\" content=\"Equipe de Marketing da Finger\" \/>\n\t<meta name=\"twitter:label2\" content=\"Est. reading time\" \/>\n\t<meta name=\"twitter:data2\" content=\"7 minutes\" \/>\n<script type=\"application\/ld+json\" class=\"yoast-schema-graph\">{\"@context\":\"https:\\\/\\\/schema.org\",\"@graph\":[{\"@type\":\"Article\",\"@id\":\"https:\\\/\\\/finger.ind.br\\\/en\\\/blog\\\/cozinha-em-u\\\/#article\",\"isPartOf\":{\"@id\":\"https:\\\/\\\/finger.ind.br\\\/en\\\/blog\\\/cozinha-em-u\\\/\"},\"author\":{\"name\":\"Equipe de Marketing da Finger\",\"@id\":\"https:\\\/\\\/finger.ind.br\\\/en\\\/2025\\\/#\\\/schema\\\/person\\\/6ca7a719a8a45ba912f75f5ce4acf3c9\"},\"headline\":\"Cozinha em U: layout que valoriza e otimiza o ambiente\",\"datePublished\":\"2026-08-31T11:30:00+00:00\",\"dateModified\":\"2026-08-31T12:06:55+00:00\",\"mainEntityOfPage\":{\"@id\":\"https:\\\/\\\/finger.ind.br\\\/en\\\/blog\\\/cozinha-em-u\\\/\"},\"wordCount\":1505,\"image\":{\"@id\":\"https:\\\/\\\/finger.ind.br\\\/en\\\/blog\\\/cozinha-em-u\\\/#primaryimage\"},\"thumbnailUrl\":\"https:\\\/\\\/finger.ind.br\\\/wp-content\\\/uploads\\\/2024\\\/10\\\/explorando-modelos-de-cozinha-planejada-encontre-o-seu-estilo-3-scaled.jpg\",\"keywords\":[\"cozinha\",\"moveis planejados\"],\"articleSection\":[\"Ambientes\"],\"inLanguage\":\"en-US\"},{\"@type\":\"WebPage\",\"@id\":\"https:\\\/\\\/finger.ind.br\\\/en\\\/blog\\\/cozinha-em-u\\\/\",\"url\":\"https:\\\/\\\/finger.ind.br\\\/en\\\/blog\\\/cozinha-em-u\\\/\",\"name\":\"Cozinha em U: layout que valoriza e otimiza o ambiente\",\"isPartOf\":{\"@id\":\"https:\\\/\\\/finger.ind.br\\\/en\\\/2025\\\/#website\"},\"primaryImageOfPage\":{\"@id\":\"https:\\\/\\\/finger.ind.br\\\/en\\\/blog\\\/cozinha-em-u\\\/#primaryimage\"},\"image\":{\"@id\":\"https:\\\/\\\/finger.ind.br\\\/en\\\/blog\\\/cozinha-em-u\\\/#primaryimage\"},\"thumbnailUrl\":\"https:\\\/\\\/finger.ind.br\\\/wp-content\\\/uploads\\\/2024\\\/10\\\/explorando-modelos-de-cozinha-planejada-encontre-o-seu-estilo-3-scaled.jpg\",\"datePublished\":\"2026-08-31T11:30:00+00:00\",\"dateModified\":\"2026-08-31T12:06:55+00:00\",\"author\":{\"@id\":\"https:\\\/\\\/finger.ind.br\\\/en\\\/2025\\\/#\\\/schema\\\/person\\\/6ca7a719a8a45ba912f75f5ce4acf3c9\"},\"description\":\"Quer ter uma cozinha em U? Conhe\u00e7a as possibilidades desse layout, seus benef\u00edcios e os cuidados para manter o projeto bonito e glamouroso.\",\"breadcrumb\":{\"@id\":\"https:\\\/\\\/finger.ind.br\\\/en\\\/blog\\\/cozinha-em-u\\\/#breadcrumb\"},\"inLanguage\":\"en-US\",\"potentialAction\":[{\"@type\":\"ReadAction\",\"target\":[\"https:\\\/\\\/finger.ind.br\\\/en\\\/blog\\\/cozinha-em-u\\\/\"]}]},{\"@type\":\"ImageObject\",\"inLanguage\":\"en-US\",\"@id\":\"https:\\\/\\\/finger.ind.br\\\/en\\\/blog\\\/cozinha-em-u\\\/#primaryimage\",\"url\":\"https:\\\/\\\/finger.ind.br\\\/wp-content\\\/uploads\\\/2024\\\/10\\\/explorando-modelos-de-cozinha-planejada-encontre-o-seu-estilo-3-scaled.jpg\",\"contentUrl\":\"https:\\\/\\\/finger.ind.br\\\/wp-content\\\/uploads\\\/2024\\\/10\\\/explorando-modelos-de-cozinha-planejada-encontre-o-seu-estilo-3-scaled.jpg\",\"width\":2560,\"height\":1707,\"caption\":\"Decorado Ryad @sousaandradeconstrutora | Projeto: @nataliavelosoarquitetura | Execu\u00e7\u00e3o: @fingergoiania | Foto: @henriqueishibe\"},{\"@type\":\"BreadcrumbList\",\"@id\":\"https:\\\/\\\/finger.ind.br\\\/en\\\/blog\\\/cozinha-em-u\\\/#breadcrumb\",\"itemListElement\":[{\"@type\":\"ListItem\",\"position\":1,\"name\":\"In\u00edcio\",\"item\":\"https:\\\/\\\/finger.ind.br\\\/en\\\/\"},{\"@type\":\"ListItem\",\"position\":2,\"name\":\"Cozinha em U: layout que valoriza e otimiza o ambiente\"}]},{\"@type\":\"WebSite\",\"@id\":\"https:\\\/\\\/finger.ind.br\\\/en\\\/2025\\\/#website\",\"url\":\"https:\\\/\\\/finger.ind.br\\\/en\\\/2025\\\/\",\"name\":\"Finger M\u00f3veis Planejados\",\"description\":\"A precis\u00e3o alem\u00e3 com o melhor do design.\",\"potentialAction\":[{\"@type\":\"SearchAction\",\"target\":{\"@type\":\"EntryPoint\",\"urlTemplate\":\"https:\\\/\\\/finger.ind.br\\\/en\\\/2025\\\/?s={search_term_string}\"},\"query-input\":{\"@type\":\"PropertyValueSpecification\",\"valueRequired\":true,\"valueName\":\"search_term_string\"}}],\"inLanguage\":\"en-US\"},{\"@type\":\"Person\",\"@id\":\"https:\\\/\\\/finger.ind.br\\\/en\\\/2025\\\/#\\\/schema\\\/person\\\/6ca7a719a8a45ba912f75f5ce4acf3c9\",\"name\":\"Equipe de Marketing da Finger\",\"image\":{\"@type\":\"ImageObject\",\"inLanguage\":\"en-US\",\"@id\":\"https:\\\/\\\/finger.ind.br\\\/wp-content\\\/litespeed\\\/avatar\\\/724111d71aec247dc75acfb8e55131f5.jpg?ver=1787752739\",\"url\":\"https:\\\/\\\/finger.ind.br\\\/wp-content\\\/litespeed\\\/avatar\\\/724111d71aec247dc75acfb8e55131f5.jpg?ver=1787752739\",\"contentUrl\":\"https:\\\/\\\/finger.ind.br\\\/wp-content\\\/litespeed\\\/avatar\\\/724111d71aec247dc75acfb8e55131f5.jpg?ver=1787752739\",\"caption\":\"Equipe de Marketing da Finger\"},\"sameAs\":[\"http:\\\/\\\/agenciaupside.com\"],\"url\":\"https:\\\/\\\/finger.ind.br\\\/en\\\/blog\\\/author\\\/suporte\\\/\"}]}<\/script>\n<!-- \/ Yoast SEO plugin. -->","yoast_head_json":{"title":"Cozinha em U: layout que valoriza e otimiza o ambiente","description":"Quer ter uma cozinha em U? Conhe\u00e7a as possibilidades desse layout, seus benef\u00edcios e os cuidados para manter o projeto bonito e glamouroso.","robots":{"index":"index","follow":"follow","max-snippet":"max-snippet:-1","max-image-preview":"max-image-preview:large","max-video-preview":"max-video-preview:-1"},"canonical":"https:\/\/finger.ind.br\/en\/blog\/cozinha-em-u\/","og_locale":"en_US","og_type":"article","og_title":"Cozinha em U: layout que valoriza e otimiza o ambiente","og_description":"Quer ter uma cozinha em U? Conhe\u00e7a as possibilidades desse layout, seus benef\u00edcios e os cuidados para manter o projeto bonito e glamouroso.","og_url":"https:\/\/finger.ind.br\/en\/blog\/cozinha-em-u\/","og_site_name":"Finger M\u00f3veis Planejados","article_published_time":"2026-08-31T11:30:00+00:00","article_modified_time":"2026-08-31T12:06:55+00:00","og_image":[{"width":2560,"height":1707,"url":"https:\/\/finger.ind.br\/wp-content\/uploads\/2024\/10\/explorando-modelos-de-cozinha-planejada-encontre-o-seu-estilo-3-scaled.jpg","type":"image\/jpeg"}],"author":"Equipe de Marketing da Finger","twitter_card":"summary_large_image","twitter_misc":{"Written by":"Equipe de Marketing da Finger","Est. reading time":"7 minutes"},"schema":{"@context":"https:\/\/schema.org","@graph":[{"@type":"Article","@id":"https:\/\/finger.ind.br\/en\/blog\/cozinha-em-u\/#article","isPartOf":{"@id":"https:\/\/finger.ind.br\/en\/blog\/cozinha-em-u\/"},"author":{"name":"Equipe de Marketing da Finger","@id":"https:\/\/finger.ind.br\/en\/2025\/#\/schema\/person\/6ca7a719a8a45ba912f75f5ce4acf3c9"},"headline":"Cozinha em U: layout que valoriza e otimiza o ambiente","datePublished":"2026-08-31T11:30:00+00:00","dateModified":"2026-08-31T12:06:55+00:00","mainEntityOfPage":{"@id":"https:\/\/finger.ind.br\/en\/blog\/cozinha-em-u\/"},"wordCount":1505,"image":{"@id":"https:\/\/finger.ind.br\/en\/blog\/cozinha-em-u\/#primaryimage"},"thumbnailUrl":"https:\/\/finger.ind.br\/wp-content\/uploads\/2024\/10\/explorando-modelos-de-cozinha-planejada-encontre-o-seu-estilo-3-scaled.jpg","keywords":["cozinha","moveis planejados"],"articleSection":["Ambientes"],"inLanguage":"en-US"},{"@type":"WebPage","@id":"https:\/\/finger.ind.br\/en\/blog\/cozinha-em-u\/","url":"https:\/\/finger.ind.br\/en\/blog\/cozinha-em-u\/","name":"Cozinha em U: layout que valoriza e otimiza o ambiente","isPartOf":{"@id":"https:\/\/finger.ind.br\/en\/2025\/#website"},"primaryImageOfPage":{"@id":"https:\/\/finger.ind.br\/en\/blog\/cozinha-em-u\/#primaryimage"},"image":{"@id":"https:\/\/finger.ind.br\/en\/blog\/cozinha-em-u\/#primaryimage"},"thumbnailUrl":"https:\/\/finger.ind.br\/wp-content\/uploads\/2024\/10\/explorando-modelos-de-cozinha-planejada-encontre-o-seu-estilo-3-scaled.jpg","datePublished":"2026-08-31T11:30:00+00:00","dateModified":"2026-08-31T12:06:55+00:00","author":{"@id":"https:\/\/finger.ind.br\/en\/2025\/#\/schema\/person\/6ca7a719a8a45ba912f75f5ce4acf3c9"},"description":"Quer ter uma cozinha em U? Conhe\u00e7a as possibilidades desse layout, seus benef\u00edcios e os cuidados para manter o projeto bonito e glamouroso.","breadcrumb":{"@id":"https:\/\/finger.ind.br\/en\/blog\/cozinha-em-u\/#breadcrumb"},"inLanguage":"en-US","potentialAction":[{"@type":"ReadAction","target":["https:\/\/finger.ind.br\/en\/blog\/cozinha-em-u\/"]}]},{"@type":"ImageObject","inLanguage":"en-US","@id":"https:\/\/finger.ind.br\/en\/blog\/cozinha-em-u\/#primaryimage","url":"https:\/\/finger.ind.br\/wp-content\/uploads\/2024\/10\/explorando-modelos-de-cozinha-planejada-encontre-o-seu-estilo-3-scaled.jpg","contentUrl":"https:\/\/finger.ind.br\/wp-content\/uploads\/2024\/10\/explorando-modelos-de-cozinha-planejada-encontre-o-seu-estilo-3-scaled.jpg","width":2560,"height":1707,"caption":"Decorado Ryad @sousaandradeconstrutora | Projeto: @nataliavelosoarquitetura | Execu\u00e7\u00e3o: @fingergoiania | Foto: @henriqueishibe"},{"@type":"BreadcrumbList","@id":"https:\/\/finger.ind.br\/en\/blog\/cozinha-em-u\/#breadcrumb","itemListElement":[{"@type":"ListItem","position":1,"name":"In\u00edcio","item":"https:\/\/finger.ind.br\/en\/"},{"@type":"ListItem","position":2,"name":"Cozinha em U: layout que valoriza e otimiza o ambiente"}]},{"@type":"WebSite","@id":"https:\/\/finger.ind.br\/en\/2025\/#website","url":"https:\/\/finger.ind.br\/en\/2025\/","name":"Finger M\u00f3veis Planejados","description":"A precis\u00e3o alem\u00e3 com o melhor do design.","potentialAction":[{"@type":"SearchAction","target":{"@type":"EntryPoint","urlTemplate":"https:\/\/finger.ind.br\/en\/2025\/?s={search_term_string}"},"query-input":{"@type":"PropertyValueSpecification","valueRequired":true,"valueName":"search_term_string"}}],"inLanguage":"en-US"},{"@type":"Person","@id":"https:\/\/finger.ind.br\/en\/2025\/#\/schema\/person\/6ca7a719a8a45ba912f75f5ce4acf3c9","name":"Equipe de Marketing da Finger","image":{"@type":"ImageObject","inLanguage":"en-US","@id":"https:\/\/finger.ind.br\/wp-content\/litespeed\/avatar\/724111d71aec247dc75acfb8e55131f5.jpg?ver=1787752739","url":"https:\/\/finger.ind.br\/wp-content\/litespeed\/avatar\/724111d71aec247dc75acfb8e55131f5.jpg?ver=1787752739","contentUrl":"https:\/\/finger.ind.br\/wp-content\/litespeed\/avatar\/724111d71aec247dc75acfb8e55131f5.jpg?ver=1787752739","caption":"Equipe de Marketing da Finger"},"sameAs":["http:\/\/agenciaupside.com"],"url":"https:\/\/finger.ind.br\/en\/blog\/author\/suporte\/"}]}},"amp_enabled":true,"_links":{"self":[{"href":"https:\/\/finger.ind.br\/en\/wp-json\/wp\/v2\/posts\/215858","targetHints":{"allow":["GET"]}}],"collection":[{"href":"https:\/\/finger.ind.br\/en\/wp-json\/wp\/v2\/posts"}],"about":[{"href":"https:\/\/finger.ind.br\/en\/wp-json\/wp\/v2\/types\/post"}],"author":[{"embeddable":true,"href":"https:\/\/finger.ind.br\/en\/wp-json\/wp\/v2\/users\/3"}],"replies":[{"embeddable":true,"href":"https:\/\/finger.ind.br\/en\/wp-json\/wp\/v2\/comments?post=215858"}],"version-history":[{"count":9,"href":"https:\/\/finger.ind.br\/en\/wp-json\/wp\/v2\/posts\/215858\/revisions"}],"predecessor-version":[{"id":216223,"href":"https:\/\/finger.ind.br\/en\/wp-json\/wp\/v2\/posts\/215858\/revisions\/216223"}],"wp:featuredmedia":[{"embeddable":true,"href":"https:\/\/finger.ind.br\/en\/wp-json\/wp\/v2\/media\/52705"}],"wp:attachment":[{"href":"https:\/\/finger.ind.br\/en\/wp-json\/wp\/v2\/media?parent=215858"}],"wp:term":[{"taxonomy":"category","embeddable":true,"href":"https:\/\/finger.ind.br\/en\/wp-json\/wp\/v2\/categories?post=215858"},{"taxonomy":"post_tag","embeddable":true,"href":"https:\/\/finger.ind.br\/en\/wp-json\/wp\/v2\/tags?post=215858"}],"curies":[{"name":"wp","href":"https:\/\/api.w.org\/{rel}","templated":true}]}}