{"id":11395,"date":"2019-10-28T13:44:59","date_gmt":"2019-10-28T16:44:59","guid":{"rendered":"https:\/\/finger.ind.br\/?p=11395"},"modified":"2019-10-28T13:44:59","modified_gmt":"2019-10-28T16:44:59","slug":"decoracao-de-natal-para-a-sala","status":"publish","type":"post","link":"https:\/\/finger.ind.br\/es\/blog\/decoracao-de-natal-para-a-sala\/","title":{"rendered":"6 ideias de decora\u00e7\u00e3o de Natal para a sala"},"content":{"rendered":"<p>Com a chegada dos \u00faltimos meses do ano, muitas pessoas come\u00e7am a planejar a reuni\u00e3o da fam\u00edlia. Tudo precisa estar definido at\u00e9 dezembro, especialmente a organiza\u00e7\u00e3o do ambiente que ser\u00e1 usado para comemorar a chegada do <a href=\"https:\/\/finger.ind.br\/es\/blog\/mais-do-que-um-pais-e-terra-do-papai-noel\/\" target=\"_blank\" rel=\"noopener noreferrer\">Papai Noel<\/a>.\u00a0As \u00e1reas sociais costumam ser ponto de encontro preferido nesse per\u00edodo. Logo, nada melhor que buscar ideias de decora\u00e7\u00e3o de Natal para a sala. H\u00e1 muitas op\u00e7\u00f5es de enfeites, objetos e materiais para transformar o visual desse espa\u00e7o.<\/p>\n<p>Pensando nisso, resolvemos separar algumas solu\u00e7\u00f5es que voc\u00ea pode reproduzir em casa este ano. Tem interesse em saber quais s\u00e3o? Continue a leitura e confira!<\/p>\n<h2>1. Adornos para m\u00f3veis<\/h2>\n<p>A <a href=\"https:\/\/finger.ind.br\/es\/blog\/moveis-para-casa-como-escolher-um-novo-mobiliario-ideal\/\" target=\"_blank\" rel=\"noopener noreferrer\">mob\u00edlia da casa<\/a> ocupa boa parte das \u00e1reas dos c\u00f4modos, tendo, assim, grande impacto no resultado da decora\u00e7\u00e3o. Se voc\u00ea deseja compor uma atmosfera tem\u00e1tica e criar uma decora\u00e7\u00e3o de natal para a sala, precisa incluir alguns m\u00f3veis no processo de transforma\u00e7\u00e3o.<\/p>\n<p>Uma boa dica \u00e9 colocar capas em pe\u00e7as que tenham assento e encosto. Se for uma sala de jantar, fa\u00e7a nas cadeiras. Se for uma sala de estar, vale aproveitar poltronas e sof\u00e1s. Um tecido branco e liso \u00e9 uma \u00f3tima op\u00e7\u00e3o e pode ser complementado com itens dourados \u2014 la\u00e7os para as cadeiras e almofadas para os sof\u00e1s.<\/p>\n<p><img loading=\"lazy\" decoding=\"async\" class=\"alignnone size-large wp-image-12573\" src=\"https:\/\/finger.ind.br\/wp-content\/uploads\/2019\/12\/home-1-1024x599.jpg\" alt=\"\" width=\"1024\" height=\"599\" srcset=\"https:\/\/finger.ind.br\/wp-content\/uploads\/2019\/12\/home-1-1024x599.jpg 1024w, https:\/\/finger.ind.br\/wp-content\/uploads\/2019\/12\/home-1-300x175.jpg 300w, https:\/\/finger.ind.br\/wp-content\/uploads\/2019\/12\/home-1-768x449.jpg 768w, https:\/\/finger.ind.br\/wp-content\/uploads\/2019\/12\/home-1-1536x898.jpg 1536w, https:\/\/finger.ind.br\/wp-content\/uploads\/2019\/12\/home-1-2048x1198.jpg 2048w\" sizes=\"(max-width: 1024px) 100vw, 1024px\" \/><\/p>\n<p>J\u00e1 os m\u00f3veis planos e com bastante superf\u00edcie de apoio, como as estantes, prateleiras e aparadores, ganham uma nova cara com acess\u00f3rios que remetam \u00e0 data. Sobre eles, voc\u00ea pode apoiar caixinhas de presente, ta\u00e7as com pinhas e velas, potes de vidro com doces que tenham embalagem vermelha etc.<\/p>\n<h2>2. Arranjos com cores natalinas<\/h2>\n<p>Se inspirar na paleta b\u00e1sica do Natal \u00e9 uma \u00f3tima forma de comemorar a data em grande estilo. Em geral, os tons que costumam representar esse per\u00edodo s\u00e3o o branco, o vermelho e o verde. Tamb\u00e9m \u00e9 comum a utiliza\u00e7\u00e3o de preto ou dourado como complemento, em pequenos detalhes.<\/p>\n<div id=\"attachment_53055\" style=\"width: 1034px\" class=\"wp-caption alignnone\"><img loading=\"lazy\" decoding=\"async\" aria-describedby=\"caption-attachment-53055\" class=\"size-large wp-image-53055\" src=\"https:\/\/finger.ind.br\/wp-content\/uploads\/2022\/09\/6-dicas-praticas-de-como-montar-uma-mesa-posta-classica-14-1024x683.jpg\" alt=\"varanda - decora\u00e7\u00e3o de natal - m\u00f3veis planejados de luxo\" width=\"1024\" height=\"683\" srcset=\"https:\/\/finger.ind.br\/wp-content\/uploads\/2022\/09\/6-dicas-praticas-de-como-montar-uma-mesa-posta-classica-14-1024x683.jpg 1024w, https:\/\/finger.ind.br\/wp-content\/uploads\/2022\/09\/6-dicas-praticas-de-como-montar-uma-mesa-posta-classica-14-300x200.jpg 300w, https:\/\/finger.ind.br\/wp-content\/uploads\/2022\/09\/6-dicas-praticas-de-como-montar-uma-mesa-posta-classica-14-768x512.jpg 768w, https:\/\/finger.ind.br\/wp-content\/uploads\/2022\/09\/6-dicas-praticas-de-como-montar-uma-mesa-posta-classica-14-1536x1024.jpg 1536w, https:\/\/finger.ind.br\/wp-content\/uploads\/2022\/09\/6-dicas-praticas-de-como-montar-uma-mesa-posta-classica-14.jpg 2048w\" sizes=\"(max-width: 1024px) 100vw, 1024px\" \/><p id=\"caption-attachment-53055\" class=\"wp-caption-text\">Cliente: Adriana Cattani &#8211; Execu\u00e7\u00e3o e projeto: Finger Cascavel &#8211; Foto: Gabriela Dal Ponte e Guilherme Vieira<\/p><\/div>\n<p>Voc\u00ea pode montar arranjos que misturem essas nuances para deixar a sala com uma atmosfera natalina. Por exemplo, use um vaso dourado preenchido com poins\u00e9tias vermelhas e ramos verdes. M\u00f3biles presos no teto tamb\u00e9m podem trazer essa <a href=\"https:\/\/finger.ind.br\/es\/blog\/combinacao-de-cores\/\" target=\"_blank\" rel=\"noopener noreferrer\">combina\u00e7\u00e3o de cores<\/a> e formas tem\u00e1ticas (floco de neve, estrela cadente etc.).<\/p>\n<p>Outra forma de aproveitar a paleta \u00e9 aplic\u00e1-la em tecidos comumente usados na sala. Para evitar o excesso de cores fortes, intercale-as com op\u00e7\u00f5es mais neutras. Para exemplificar: tapete cinza + cortinas beges + mantas marrons para sof\u00e1. S\u00e3o tons discretos que amenizam o poder do vermelho, do verde e do dourado.<\/p>\n<h2>3. Guirlandas de ramos para as paredes<\/h2>\n<p>Popular em diversas regi\u00f5es, a guirlanda \u00e9 uma pe\u00e7a que costuma ser usada na parte externa da porta de acesso da resid\u00eancia. Ela funciona como um convite especial aos visitantes da fam\u00edlia, dando as boas-vindas a quem chega ao lar. Mas voc\u00ea pode ir al\u00e9m e levar esse tradicional acess\u00f3rio para os ambientes internos.<\/p>\n<p>Guirlandas com diferentes formatos e tipos de materiais s\u00e3o uma boa aposta na decora\u00e7\u00e3o de Natal para a sala. Os modelos mais comuns, com contornos arredondados, podem enfeitar paredes como se fossem quadros. Inclusive, voc\u00ea consegue us\u00e1-los para cobrir molduras de espelhos.<\/p>\n<p>Outra op\u00e7\u00e3o \u00e9 desconstruir a guirlanda para que fa\u00e7a o contorno de elementos maiores. Se a sala tem uma grande lareira, por exemplo, por que n\u00e3o preencher as extremidades desse equipamento com ramos? O complemento ficar\u00e1 por conta de fitas douradas ou vermelhas que contrastem com o fundo verde.<\/p>\n<h2>4. Enfeites luminosos para a escada<\/h2>\n<p>Em muitas resid\u00eancias a liga\u00e7\u00e3o entre pavimentos ocorre na sala, por meio de uma escada central ou posicionada em algum canto. Se esse \u00e9 o seu caso, compensa tirar proveito dessa estrutura chamativa para valorizar o ambiente em uma das \u00e9pocas mais aguardadas do ano.<\/p>\n<p>Uma alternativa bem ousada \u00e9 destacar partes da escada com recursos de <a href=\"https:\/\/finger.ind.br\/es\/blog\/iluminacao-alma-ambiente\/\" target=\"_blank\" rel=\"noopener noreferrer\">ilumina\u00e7\u00e3o<\/a>. Os melhores produtos s\u00e3o o famoso pisca-pisca, a mangueira luminosa ou as fitas de LED. Por serem male\u00e1veis, permitem contornar o corrim\u00e3o ou o guarda-corpo facilmente. Se quiser deixar o conjunto ainda mais bonito, pendure fotos da fam\u00edlia entre as luzes para que fiquem em evid\u00eancia.<\/p>\n<p>Quem n\u00e3o tem escada em casa tamb\u00e9m pode aproveitar esse tipo de enfeite. Para isso, basta posicionar os cord\u00f5es luminosos em outras superf\u00edcies, como rodap\u00e9s, sancas e at\u00e9 partes da parede, formando uma esp\u00e9cie de \u00abcachoeira de luzes\u00bb.<\/p>\n<h2>5. \u00c1rvore de Natal diferenciada<\/h2>\n<p>O pinheirinho n\u00e3o precisa ter sempre a mesma cara. Com base nas prefer\u00eancias dos moradores, \u00e9 poss\u00edvel alterar algumas caracter\u00edsticas desse elemento para deix\u00e1-lo mais atrativo. Pessoas que curtem acess\u00f3rios mais alegres, por exemplo, certamente gostar\u00e3o de ter uma \u00e1rvore bem colorida.<\/p>\n<div id=\"attachment_53058\" style=\"width: 1034px\" class=\"wp-caption alignnone\"><img loading=\"lazy\" decoding=\"async\" aria-describedby=\"caption-attachment-53058\" class=\"size-large wp-image-53058\" src=\"https:\/\/finger.ind.br\/wp-content\/uploads\/2022\/09\/6-dicas-praticas-de-como-montar-uma-mesa-posta-classica-15-1024x683.jpg\" alt=\"varanda - decora\u00e7\u00e3o de natal - m\u00f3veis planejados de luxo\" width=\"1024\" height=\"683\" srcset=\"https:\/\/finger.ind.br\/wp-content\/uploads\/2022\/09\/6-dicas-praticas-de-como-montar-uma-mesa-posta-classica-15-1024x683.jpg 1024w, https:\/\/finger.ind.br\/wp-content\/uploads\/2022\/09\/6-dicas-praticas-de-como-montar-uma-mesa-posta-classica-15-300x200.jpg 300w, https:\/\/finger.ind.br\/wp-content\/uploads\/2022\/09\/6-dicas-praticas-de-como-montar-uma-mesa-posta-classica-15-768x512.jpg 768w, https:\/\/finger.ind.br\/wp-content\/uploads\/2022\/09\/6-dicas-praticas-de-como-montar-uma-mesa-posta-classica-15-1536x1024.jpg 1536w, https:\/\/finger.ind.br\/wp-content\/uploads\/2022\/09\/6-dicas-praticas-de-como-montar-uma-mesa-posta-classica-15.jpg 2048w\" sizes=\"(max-width: 1024px) 100vw, 1024px\" \/><p id=\"caption-attachment-53058\" class=\"wp-caption-text\">Cliente: Adriana Cattani &#8211; Execu\u00e7\u00e3o e projeto: Finger Cascavel &#8211; Foto: Gabriela Dal Ponte e Guilherme Vieira<\/p><\/div>\n<p>O estilo do ambiente tamb\u00e9m conta muito na defini\u00e7\u00e3o desse acess\u00f3rio. Se for uma <a href=\"https:\/\/finger.ind.br\/es\/blog\/minimalismo-um-estilo-delicado-e-charmoso\/\" target=\"_blank\" rel=\"noopener noreferrer\">sala minimalista<\/a>, pode ser uma boa ideia incluir um pinheirinho totalmente branco, sem enfeites contrastantes. O destaque ficar\u00e1 apenas para as luzes do pisca-pisca em meio aos ramos.<\/p>\n<p>Para quem prefere um visual r\u00fastico ou despojado, a dica \u00e9 customizar uma \u00e1rvore com galhos secos. \u00c9 s\u00f3 posicionar diversas varetas dentro de um vaso e enfeit\u00e1-las com bolinhas natalinas intercaladas com peda\u00e7os de algod\u00e3o.<\/p>\n<h2>6. Centro de mesa tem\u00e1tico<\/h2>\n<p>A mesa de jantar se torna protagonista na noite de Natal, por isso, merece aten\u00e7\u00e3o redobrada. \u00c9 importante pensar em recursos que enfeitem desde o tampo do m\u00f3vel at\u00e9 as \u00e1reas que servir\u00e3o de apoio para os pratos e copos durante a ceia.<\/p>\n<p>Para come\u00e7ar, invista em uma bela toalha vermelha ou dourada. Sobre ela, adicione um trilho branco de renda ou de croch\u00ea. O tom dos sousplats e das lou\u00e7as deve combinar com as cores presentes nesses tecidos \u2014 lembre-se da dica das nuances neutras para facilitar esse processo.<\/p>\n<div id=\"attachment_53049\" style=\"width: 1034px\" class=\"wp-caption alignnone\"><img loading=\"lazy\" decoding=\"async\" aria-describedby=\"caption-attachment-53049\" class=\"size-large wp-image-53049\" src=\"https:\/\/finger.ind.br\/wp-content\/uploads\/2022\/09\/6-dicas-praticas-de-como-montar-uma-mesa-posta-classica-12-1024x683.jpg\" alt=\"casa decorada para o natal com m\u00f3veis de luxo - mesa posta\" width=\"1024\" height=\"683\" srcset=\"https:\/\/finger.ind.br\/wp-content\/uploads\/2022\/09\/6-dicas-praticas-de-como-montar-uma-mesa-posta-classica-12-1024x683.jpg 1024w, https:\/\/finger.ind.br\/wp-content\/uploads\/2022\/09\/6-dicas-praticas-de-como-montar-uma-mesa-posta-classica-12-300x200.jpg 300w, https:\/\/finger.ind.br\/wp-content\/uploads\/2022\/09\/6-dicas-praticas-de-como-montar-uma-mesa-posta-classica-12-768x512.jpg 768w, https:\/\/finger.ind.br\/wp-content\/uploads\/2022\/09\/6-dicas-praticas-de-como-montar-uma-mesa-posta-classica-12-1536x1024.jpg 1536w, https:\/\/finger.ind.br\/wp-content\/uploads\/2022\/09\/6-dicas-praticas-de-como-montar-uma-mesa-posta-classica-12.jpg 2048w\" sizes=\"(max-width: 1024px) 100vw, 1024px\" \/><p id=\"caption-attachment-53049\" class=\"wp-caption-text\">Cliente: Adriana Cattani &#8211; Execu\u00e7\u00e3o e projeto: Finger Cascavel &#8211; Foto: Gabriela Dal Ponte e Guilherme Vieira<\/p><\/div>\n<p>No centro da mesa, posicione uma grande bandeja ornamentada. Ela pode conter pinhas, velas, bolas natalinas em diversas cores, flores e outros <a href=\"https:\/\/finger.ind.br\/es\/blog\/adornos-de-decoracao\/\" target=\"_blank\" rel=\"noopener noreferrer\">tipos de adornos.<\/a> Rosas brancas e vermelhas, com os caules repletos de folhas verdes, tamb\u00e9m s\u00e3o \u00f3timas op\u00e7\u00f5es para embelezar o local das refei\u00e7\u00f5es.<\/p>\n<p>S\u00e3o tantas op\u00e7\u00f5es que fica dif\u00edcil escolher apenas uma. Felizmente, nossa lista engloba arranjos que podem ser combinados no mesmo ambiente sem problemas. Ent\u00e3o, reflita sobre as possibilidades e defina quais elementos far\u00e3o parte da sua decora\u00e7\u00e3o de Natal para a sala. Assim voc\u00ea pode ter uma \u00f3tima experi\u00eancia com amigos e familiares.<\/p>\n<p>Gostou do nosso conte\u00fado? Ent\u00e3o, compartilhe-o em suas redes sociais e fa\u00e7a com que as ideias cheguem a outras pessoas!<\/p>\n<p><a href=\"https:\/\/proposta.finger.ind.br\/\"><img loading=\"lazy\" decoding=\"async\" class=\"alignnone size-full wp-image-50097\" src=\"https:\/\/finger.ind.br\/wp-content\/uploads\/2021\/07\/moveis-para-estudo-8-dicas-para-escolher-os-melhores-para-o-ambiente.png\" alt=\"Solicite um or\u00e7amento\" width=\"1024\" height=\"143\" srcset=\"https:\/\/finger.ind.br\/wp-content\/uploads\/2021\/07\/moveis-para-estudo-8-dicas-para-escolher-os-melhores-para-o-ambiente.png 1024w, https:\/\/finger.ind.br\/wp-content\/uploads\/2021\/07\/moveis-para-estudo-8-dicas-para-escolher-os-melhores-para-o-ambiente-300x42.png 300w, https:\/\/finger.ind.br\/wp-content\/uploads\/2021\/07\/moveis-para-estudo-8-dicas-para-escolher-os-melhores-para-o-ambiente-768x107.png 768w\" sizes=\"(max-width: 1024px) 100vw, 1024px\" \/><\/a><\/p>\n","protected":false},"excerpt":{"rendered":"<p>Com a chegada dos \u00faltimos meses do ano, muitas pessoas come\u00e7am a planejar a reuni\u00e3o da fam\u00edlia. Tudo precisa estar definido at\u00e9 dezembro, especialmente a organiza\u00e7\u00e3o do ambiente que ser\u00e1 usado para comemorar a chegada do Papai Noel.\u00a0As \u00e1reas sociais costumam ser ponto de encontro preferido nesse per\u00edodo. Logo, nada melhor que buscar ideias de [&hellip;]<\/p>\n","protected":false},"author":3,"featured_media":11396,"comment_status":"open","ping_status":"closed","sticky":false,"template":"","format":"standard","meta":{"_acf_changed":false,"footnotes":""},"categories":[52,85,297,53,54,88],"tags":[288,610,291],"class_list":["post-11395","post","type-post","status-publish","format-standard","has-post-thumbnail","hentry","category-ambientes","category-curiosidade","category-decoracao","category-design","category-dicas-finger","category-life-style","tag-decoracao","tag-decoracao-natalina","tag-dicas-finger"],"acf":[],"yoast_head":"<!-- This site is optimized with the Yoast SEO plugin v27.5 - https:\/\/yoast.com\/product\/yoast-seo-wordpress\/ -->\n<title>Decora\u00e7\u00e3o de Natal para a sala: Confira 6 ideais para o lar!<\/title>\n<meta name=\"description\" content=\"Nada melhor que buscar ideias de decora\u00e7\u00e3o de Natal para a sala. H\u00e1 muitas op\u00e7\u00f5es de enfeites para transformar o visual desse espa\u00e7o.\" \/>\n<meta name=\"robots\" content=\"index, follow, max-snippet:-1, max-image-preview:large, max-video-preview:-1\" \/>\n<link rel=\"canonical\" href=\"https:\/\/finger.ind.br\/es\/blog\/decoracao-de-natal-para-a-sala\/\" \/>\n<meta property=\"og:locale\" content=\"es_ES\" \/>\n<meta property=\"og:type\" content=\"article\" \/>\n<meta property=\"og:title\" content=\"Decora\u00e7\u00e3o de Natal para a sala: Confira 6 ideais para o lar!\" \/>\n<meta property=\"og:description\" content=\"Nada melhor que buscar ideias de decora\u00e7\u00e3o de Natal para a sala. H\u00e1 muitas op\u00e7\u00f5es de enfeites para transformar o visual desse espa\u00e7o.\" \/>\n<meta property=\"og:url\" content=\"https:\/\/finger.ind.br\/es\/blog\/decoracao-de-natal-para-a-sala\/\" \/>\n<meta property=\"og:site_name\" content=\"Finger M\u00f3veis Planejados\" \/>\n<meta property=\"article:published_time\" content=\"2019-10-28T16:44:59+00:00\" \/>\n<meta property=\"og:image\" content=\"https:\/\/finger.ind.br\/wp-content\/uploads\/2019\/10\/original-d6f3c43497718a08289cce5faf128d0e.jpg\" \/>\n\t<meta property=\"og:image:width\" content=\"918\" \/>\n\t<meta property=\"og:image:height\" content=\"613\" \/>\n\t<meta property=\"og:image:type\" content=\"image\/jpeg\" \/>\n<meta name=\"author\" content=\"Equipe de Marketing da Finger\" \/>\n<meta name=\"twitter:card\" content=\"summary_large_image\" \/>\n<meta name=\"twitter:label1\" content=\"Escrito por\" \/>\n\t<meta name=\"twitter:data1\" content=\"Equipe de Marketing da Finger\" \/>\n\t<meta name=\"twitter:label2\" content=\"Tiempo de lectura\" \/>\n\t<meta name=\"twitter:data2\" content=\"6 minutos\" \/>\n<script type=\"application\/ld+json\" class=\"yoast-schema-graph\">{\"@context\":\"https:\\\/\\\/schema.org\",\"@graph\":[{\"@type\":\"Article\",\"@id\":\"https:\\\/\\\/finger.ind.br\\\/es\\\/blog\\\/decoracao-de-natal-para-a-sala\\\/#article\",\"isPartOf\":{\"@id\":\"https:\\\/\\\/finger.ind.br\\\/es\\\/blog\\\/decoracao-de-natal-para-a-sala\\\/\"},\"author\":{\"name\":\"Equipe de Marketing da Finger\",\"@id\":\"https:\\\/\\\/finger.ind.br\\\/es\\\/2025\\\/#\\\/schema\\\/person\\\/6ca7a719a8a45ba912f75f5ce4acf3c9\"},\"headline\":\"6 ideias de decora\u00e7\u00e3o de Natal para a sala\",\"datePublished\":\"2019-10-28T16:44:59+00:00\",\"mainEntityOfPage\":{\"@id\":\"https:\\\/\\\/finger.ind.br\\\/es\\\/blog\\\/decoracao-de-natal-para-a-sala\\\/\"},\"wordCount\":1211,\"commentCount\":0,\"image\":{\"@id\":\"https:\\\/\\\/finger.ind.br\\\/es\\\/blog\\\/decoracao-de-natal-para-a-sala\\\/#primaryimage\"},\"thumbnailUrl\":\"https:\\\/\\\/finger.ind.br\\\/wp-content\\\/uploads\\\/2019\\\/10\\\/original-d6f3c43497718a08289cce5faf128d0e.jpg\",\"keywords\":[\"decora\u00e7\u00e3o\",\"decora\u00e7\u00e3o natalina\",\"dicas finger\"],\"articleSection\":[\"Ambientes\",\"Curiosidade\",\"Decora\u00e7\u00e3o\",\"Design\",\"Dicas Finger\",\"Life Style\"],\"inLanguage\":\"es\",\"potentialAction\":[{\"@type\":\"CommentAction\",\"name\":\"Comment\",\"target\":[\"https:\\\/\\\/finger.ind.br\\\/es\\\/blog\\\/decoracao-de-natal-para-a-sala\\\/#respond\"]}]},{\"@type\":\"WebPage\",\"@id\":\"https:\\\/\\\/finger.ind.br\\\/es\\\/blog\\\/decoracao-de-natal-para-a-sala\\\/\",\"url\":\"https:\\\/\\\/finger.ind.br\\\/es\\\/blog\\\/decoracao-de-natal-para-a-sala\\\/\",\"name\":\"Decora\u00e7\u00e3o de Natal para a sala: Confira 6 ideais para o lar!\",\"isPartOf\":{\"@id\":\"https:\\\/\\\/finger.ind.br\\\/es\\\/2025\\\/#website\"},\"primaryImageOfPage\":{\"@id\":\"https:\\\/\\\/finger.ind.br\\\/es\\\/blog\\\/decoracao-de-natal-para-a-sala\\\/#primaryimage\"},\"image\":{\"@id\":\"https:\\\/\\\/finger.ind.br\\\/es\\\/blog\\\/decoracao-de-natal-para-a-sala\\\/#primaryimage\"},\"thumbnailUrl\":\"https:\\\/\\\/finger.ind.br\\\/wp-content\\\/uploads\\\/2019\\\/10\\\/original-d6f3c43497718a08289cce5faf128d0e.jpg\",\"datePublished\":\"2019-10-28T16:44:59+00:00\",\"author\":{\"@id\":\"https:\\\/\\\/finger.ind.br\\\/es\\\/2025\\\/#\\\/schema\\\/person\\\/6ca7a719a8a45ba912f75f5ce4acf3c9\"},\"description\":\"Nada melhor que buscar ideias de decora\u00e7\u00e3o de Natal para a sala. H\u00e1 muitas op\u00e7\u00f5es de enfeites para transformar o visual desse espa\u00e7o.\",\"breadcrumb\":{\"@id\":\"https:\\\/\\\/finger.ind.br\\\/es\\\/blog\\\/decoracao-de-natal-para-a-sala\\\/#breadcrumb\"},\"inLanguage\":\"es\",\"potentialAction\":[{\"@type\":\"ReadAction\",\"target\":[\"https:\\\/\\\/finger.ind.br\\\/es\\\/blog\\\/decoracao-de-natal-para-a-sala\\\/\"]}]},{\"@type\":\"ImageObject\",\"inLanguage\":\"es\",\"@id\":\"https:\\\/\\\/finger.ind.br\\\/es\\\/blog\\\/decoracao-de-natal-para-a-sala\\\/#primaryimage\",\"url\":\"https:\\\/\\\/finger.ind.br\\\/wp-content\\\/uploads\\\/2019\\\/10\\\/original-d6f3c43497718a08289cce5faf128d0e.jpg\",\"contentUrl\":\"https:\\\/\\\/finger.ind.br\\\/wp-content\\\/uploads\\\/2019\\\/10\\\/original-d6f3c43497718a08289cce5faf128d0e.jpg\",\"width\":918,\"height\":613,\"caption\":\"decoracao-de-natal-para-a-sala\"},{\"@type\":\"BreadcrumbList\",\"@id\":\"https:\\\/\\\/finger.ind.br\\\/es\\\/blog\\\/decoracao-de-natal-para-a-sala\\\/#breadcrumb\",\"itemListElement\":[{\"@type\":\"ListItem\",\"position\":1,\"name\":\"In\u00edcio\",\"item\":\"https:\\\/\\\/finger.ind.br\\\/es\\\/\"},{\"@type\":\"ListItem\",\"position\":2,\"name\":\"6 ideias de decora\u00e7\u00e3o de Natal para a sala\"}]},{\"@type\":\"WebSite\",\"@id\":\"https:\\\/\\\/finger.ind.br\\\/es\\\/2025\\\/#website\",\"url\":\"https:\\\/\\\/finger.ind.br\\\/es\\\/2025\\\/\",\"name\":\"Finger M\u00f3veis Planejados\",\"description\":\"A precis\u00e3o alem\u00e3 com o melhor do design.\",\"potentialAction\":[{\"@type\":\"SearchAction\",\"target\":{\"@type\":\"EntryPoint\",\"urlTemplate\":\"https:\\\/\\\/finger.ind.br\\\/es\\\/2025\\\/?s={search_term_string}\"},\"query-input\":{\"@type\":\"PropertyValueSpecification\",\"valueRequired\":true,\"valueName\":\"search_term_string\"}}],\"inLanguage\":\"es\"},{\"@type\":\"Person\",\"@id\":\"https:\\\/\\\/finger.ind.br\\\/es\\\/2025\\\/#\\\/schema\\\/person\\\/6ca7a719a8a45ba912f75f5ce4acf3c9\",\"name\":\"Equipe de Marketing da Finger\",\"image\":{\"@type\":\"ImageObject\",\"inLanguage\":\"es\",\"@id\":\"https:\\\/\\\/finger.ind.br\\\/wp-content\\\/litespeed\\\/avatar\\\/724111d71aec247dc75acfb8e55131f5.jpg?ver=1777469923\",\"url\":\"https:\\\/\\\/finger.ind.br\\\/wp-content\\\/litespeed\\\/avatar\\\/724111d71aec247dc75acfb8e55131f5.jpg?ver=1777469923\",\"contentUrl\":\"https:\\\/\\\/finger.ind.br\\\/wp-content\\\/litespeed\\\/avatar\\\/724111d71aec247dc75acfb8e55131f5.jpg?ver=1777469923\",\"caption\":\"Equipe de Marketing da Finger\"},\"sameAs\":[\"http:\\\/\\\/agenciaupside.com\"],\"url\":\"https:\\\/\\\/finger.ind.br\\\/es\\\/blog\\\/author\\\/suporte\\\/\"}]}<\/script>\n<!-- \/ Yoast SEO plugin. -->","yoast_head_json":{"title":"Decora\u00e7\u00e3o de Natal para a sala: Confira 6 ideais para o lar!","description":"Nada melhor que buscar ideias de decora\u00e7\u00e3o de Natal para a sala. H\u00e1 muitas op\u00e7\u00f5es de enfeites para transformar o visual desse espa\u00e7o.","robots":{"index":"index","follow":"follow","max-snippet":"max-snippet:-1","max-image-preview":"max-image-preview:large","max-video-preview":"max-video-preview:-1"},"canonical":"https:\/\/finger.ind.br\/es\/blog\/decoracao-de-natal-para-a-sala\/","og_locale":"es_ES","og_type":"article","og_title":"Decora\u00e7\u00e3o de Natal para a sala: Confira 6 ideais para o lar!","og_description":"Nada melhor que buscar ideias de decora\u00e7\u00e3o de Natal para a sala. H\u00e1 muitas op\u00e7\u00f5es de enfeites para transformar o visual desse espa\u00e7o.","og_url":"https:\/\/finger.ind.br\/es\/blog\/decoracao-de-natal-para-a-sala\/","og_site_name":"Finger M\u00f3veis Planejados","article_published_time":"2019-10-28T16:44:59+00:00","og_image":[{"width":918,"height":613,"url":"https:\/\/finger.ind.br\/wp-content\/uploads\/2019\/10\/original-d6f3c43497718a08289cce5faf128d0e.jpg","type":"image\/jpeg"}],"author":"Equipe de Marketing da Finger","twitter_card":"summary_large_image","twitter_misc":{"Escrito por":"Equipe de Marketing da Finger","Tiempo de lectura":"6 minutos"},"schema":{"@context":"https:\/\/schema.org","@graph":[{"@type":"Article","@id":"https:\/\/finger.ind.br\/es\/blog\/decoracao-de-natal-para-a-sala\/#article","isPartOf":{"@id":"https:\/\/finger.ind.br\/es\/blog\/decoracao-de-natal-para-a-sala\/"},"author":{"name":"Equipe de Marketing da Finger","@id":"https:\/\/finger.ind.br\/es\/2025\/#\/schema\/person\/6ca7a719a8a45ba912f75f5ce4acf3c9"},"headline":"6 ideias de decora\u00e7\u00e3o de Natal para a sala","datePublished":"2019-10-28T16:44:59+00:00","mainEntityOfPage":{"@id":"https:\/\/finger.ind.br\/es\/blog\/decoracao-de-natal-para-a-sala\/"},"wordCount":1211,"commentCount":0,"image":{"@id":"https:\/\/finger.ind.br\/es\/blog\/decoracao-de-natal-para-a-sala\/#primaryimage"},"thumbnailUrl":"https:\/\/finger.ind.br\/wp-content\/uploads\/2019\/10\/original-d6f3c43497718a08289cce5faf128d0e.jpg","keywords":["decora\u00e7\u00e3o","decora\u00e7\u00e3o natalina","dicas finger"],"articleSection":["Ambientes","Curiosidade","Decora\u00e7\u00e3o","Design","Dicas Finger","Life Style"],"inLanguage":"es","potentialAction":[{"@type":"CommentAction","name":"Comment","target":["https:\/\/finger.ind.br\/es\/blog\/decoracao-de-natal-para-a-sala\/#respond"]}]},{"@type":"WebPage","@id":"https:\/\/finger.ind.br\/es\/blog\/decoracao-de-natal-para-a-sala\/","url":"https:\/\/finger.ind.br\/es\/blog\/decoracao-de-natal-para-a-sala\/","name":"Decora\u00e7\u00e3o de Natal para a sala: Confira 6 ideais para o lar!","isPartOf":{"@id":"https:\/\/finger.ind.br\/es\/2025\/#website"},"primaryImageOfPage":{"@id":"https:\/\/finger.ind.br\/es\/blog\/decoracao-de-natal-para-a-sala\/#primaryimage"},"image":{"@id":"https:\/\/finger.ind.br\/es\/blog\/decoracao-de-natal-para-a-sala\/#primaryimage"},"thumbnailUrl":"https:\/\/finger.ind.br\/wp-content\/uploads\/2019\/10\/original-d6f3c43497718a08289cce5faf128d0e.jpg","datePublished":"2019-10-28T16:44:59+00:00","author":{"@id":"https:\/\/finger.ind.br\/es\/2025\/#\/schema\/person\/6ca7a719a8a45ba912f75f5ce4acf3c9"},"description":"Nada melhor que buscar ideias de decora\u00e7\u00e3o de Natal para a sala. H\u00e1 muitas op\u00e7\u00f5es de enfeites para transformar o visual desse espa\u00e7o.","breadcrumb":{"@id":"https:\/\/finger.ind.br\/es\/blog\/decoracao-de-natal-para-a-sala\/#breadcrumb"},"inLanguage":"es","potentialAction":[{"@type":"ReadAction","target":["https:\/\/finger.ind.br\/es\/blog\/decoracao-de-natal-para-a-sala\/"]}]},{"@type":"ImageObject","inLanguage":"es","@id":"https:\/\/finger.ind.br\/es\/blog\/decoracao-de-natal-para-a-sala\/#primaryimage","url":"https:\/\/finger.ind.br\/wp-content\/uploads\/2019\/10\/original-d6f3c43497718a08289cce5faf128d0e.jpg","contentUrl":"https:\/\/finger.ind.br\/wp-content\/uploads\/2019\/10\/original-d6f3c43497718a08289cce5faf128d0e.jpg","width":918,"height":613,"caption":"decoracao-de-natal-para-a-sala"},{"@type":"BreadcrumbList","@id":"https:\/\/finger.ind.br\/es\/blog\/decoracao-de-natal-para-a-sala\/#breadcrumb","itemListElement":[{"@type":"ListItem","position":1,"name":"In\u00edcio","item":"https:\/\/finger.ind.br\/es\/"},{"@type":"ListItem","position":2,"name":"6 ideias de decora\u00e7\u00e3o de Natal para a sala"}]},{"@type":"WebSite","@id":"https:\/\/finger.ind.br\/es\/2025\/#website","url":"https:\/\/finger.ind.br\/es\/2025\/","name":"Finger M\u00f3veis Planejados","description":"A precis\u00e3o alem\u00e3 com o melhor do design.","potentialAction":[{"@type":"SearchAction","target":{"@type":"EntryPoint","urlTemplate":"https:\/\/finger.ind.br\/es\/2025\/?s={search_term_string}"},"query-input":{"@type":"PropertyValueSpecification","valueRequired":true,"valueName":"search_term_string"}}],"inLanguage":"es"},{"@type":"Person","@id":"https:\/\/finger.ind.br\/es\/2025\/#\/schema\/person\/6ca7a719a8a45ba912f75f5ce4acf3c9","name":"Equipe de Marketing da Finger","image":{"@type":"ImageObject","inLanguage":"es","@id":"https:\/\/finger.ind.br\/wp-content\/litespeed\/avatar\/724111d71aec247dc75acfb8e55131f5.jpg?ver=1777469923","url":"https:\/\/finger.ind.br\/wp-content\/litespeed\/avatar\/724111d71aec247dc75acfb8e55131f5.jpg?ver=1777469923","contentUrl":"https:\/\/finger.ind.br\/wp-content\/litespeed\/avatar\/724111d71aec247dc75acfb8e55131f5.jpg?ver=1777469923","caption":"Equipe de Marketing da Finger"},"sameAs":["http:\/\/agenciaupside.com"],"url":"https:\/\/finger.ind.br\/es\/blog\/author\/suporte\/"}]}},"amp_enabled":true,"_links":{"self":[{"href":"https:\/\/finger.ind.br\/es\/wp-json\/wp\/v2\/posts\/11395","targetHints":{"allow":["GET"]}}],"collection":[{"href":"https:\/\/finger.ind.br\/es\/wp-json\/wp\/v2\/posts"}],"about":[{"href":"https:\/\/finger.ind.br\/es\/wp-json\/wp\/v2\/types\/post"}],"author":[{"embeddable":true,"href":"https:\/\/finger.ind.br\/es\/wp-json\/wp\/v2\/users\/3"}],"replies":[{"embeddable":true,"href":"https:\/\/finger.ind.br\/es\/wp-json\/wp\/v2\/comments?post=11395"}],"version-history":[{"count":0,"href":"https:\/\/finger.ind.br\/es\/wp-json\/wp\/v2\/posts\/11395\/revisions"}],"wp:featuredmedia":[{"embeddable":true,"href":"https:\/\/finger.ind.br\/es\/wp-json\/wp\/v2\/media\/11396"}],"wp:attachment":[{"href":"https:\/\/finger.ind.br\/es\/wp-json\/wp\/v2\/media?parent=11395"}],"wp:term":[{"taxonomy":"category","embeddable":true,"href":"https:\/\/finger.ind.br\/es\/wp-json\/wp\/v2\/categories?post=11395"},{"taxonomy":"post_tag","embeddable":true,"href":"https:\/\/finger.ind.br\/es\/wp-json\/wp\/v2\/tags?post=11395"}],"curies":[{"name":"wp","href":"https:\/\/api.w.org\/{rel}","templated":true}]}}