{"id":11403,"date":"2019-10-09T13:19:31","date_gmt":"2019-10-09T16:19:31","guid":{"rendered":"https:\/\/finger.ind.br\/?p=11403"},"modified":"2026-04-16T15:14:48","modified_gmt":"2026-04-16T18:14:48","slug":"cores-para-quarto-de-bebe","status":"publish","type":"post","link":"https:\/\/finger.ind.br\/es\/blog\/cores-para-quarto-de-bebe\/","title":{"rendered":"Cores para quarto de beb\u00ea: entenda o impacto que elas t\u00eam"},"content":{"rendered":"<p style=\"text-align: center;\"><b><i>Cores para quarto de beb\u00ea<\/i><\/b><i><span style=\"font-weight: 400;\">\u2026 qual paleta os pais devem usar para deixar o c\u00f4modo confort\u00e1vel e tranquilo?<\/span><\/i><\/p>\n<p><span style=\"font-weight: 400;\">A gravidez \u00e9 um momento muito importante e especial na vida da mulher que aguarda, junto \u00e0 fam\u00edlia, o nascimento de um novo integrante.\u00a0<\/span><\/p>\n<p><span style=\"font-weight: 400;\">\u00c9 tamb\u00e9m um momento de muita agita\u00e7\u00e3o, de tomar decis\u00f5es importantes e, inclusive, de indecis\u00f5es, at\u00e9 porque os futuros papais precisam organizar tudo para a chegada do rec\u00e9m-nascido. Exatamente por esse motivo, \u00e9 bem comum ter d\u00favidas, as quais v\u00e3o desde a escolha do nome at\u00e9 a escolha do enxoval e das <\/span><b>cores para quarto de beb\u00ea<\/b><span style=\"font-weight: 400;\">!<\/span><\/p>\n<p><span style=\"font-weight: 400;\">Essa \u00faltima quest\u00e3o, inclusive, \u00e9 muito importante porque, apesar de muitos desconhecerem, cada cor carrega um significado e diz muito sobre os desejos e a personalidade dos pais em rela\u00e7\u00e3o \u00e0<\/span> <a href=\"https:\/\/finger.ind.br\/es\/blog\/quarto-das-criancas\/\"><span style=\"font-weight: 400;\">crian\u00e7a<\/span><\/a><span style=\"font-weight: 400;\">. <\/span><span style=\"font-weight: 400;\">Vamos entender?<\/span><\/p>\n<div id=\"attachment_26156\" style=\"width: 1034px\" class=\"wp-caption aligncenter\"><img loading=\"lazy\" decoding=\"async\" aria-describedby=\"caption-attachment-26156\" class=\"size-large wp-image-26156\" src=\"https:\/\/finger.ind.br\/wp-content\/uploads\/2019\/10\/cores-para-quarto-de-bebe-entenda-o-impacto-que-elas-tem-1024x683.jpg\" alt=\"quarto de bebe tom pastel\" width=\"1024\" height=\"683\" srcset=\"https:\/\/finger.ind.br\/wp-content\/uploads\/2019\/10\/cores-para-quarto-de-bebe-entenda-o-impacto-que-elas-tem-1024x683.jpg 1024w, https:\/\/finger.ind.br\/wp-content\/uploads\/2019\/10\/cores-para-quarto-de-bebe-entenda-o-impacto-que-elas-tem-300x200.jpg 300w, https:\/\/finger.ind.br\/wp-content\/uploads\/2019\/10\/cores-para-quarto-de-bebe-entenda-o-impacto-que-elas-tem-768x512.jpg 768w, https:\/\/finger.ind.br\/wp-content\/uploads\/2019\/10\/cores-para-quarto-de-bebe-entenda-o-impacto-que-elas-tem-1536x1024.jpg 1536w, https:\/\/finger.ind.br\/wp-content\/uploads\/2019\/10\/cores-para-quarto-de-bebe-entenda-o-impacto-que-elas-tem-2048x1365.jpg 2048w\" sizes=\"(max-width: 1024px) 100vw, 1024px\" \/><p id=\"caption-attachment-26156\" class=\"wp-caption-text\">Projeto: Danieli Interiores &#8211; Execu\u00e7\u00e3o: Finger Atrativa de Conc\u00f3rdia &#8211; Foto: Rafa Bulica<\/p><\/div>\n<h2><b>Quarto de beb\u00ea planejado: qual o impacto que as cores exercem na crian\u00e7a?<\/b><\/h2>\n<p><span style=\"font-weight: 400;\">Escolher as <\/span><b>cores para quarto de beb\u00ea<\/b><span style=\"font-weight: 400;\"> pode parecer uma tarefa simples. No entanto, est\u00e1 repleta de detalhes que fazem toda diferen\u00e7a. Isso porque, al\u00e9m de impactar diretamente a decora\u00e7\u00e3o do<\/span> <a href=\"https:\/\/finger.ind.br\/ambientes\/dormitorio\/\"><span style=\"font-weight: 400;\">dormit\u00f3rio<\/span><\/a><span style=\"font-weight: 400;\">, <\/span><a href=\"https:\/\/finger.ind.br\/es\/blog\/o-poder-das-cores\/\"><span style=\"font-weight: 400;\">as cores<\/span><\/a> <span style=\"font-weight: 400;\">podem influenciar sensa\u00e7\u00f5es, comportamentos e at\u00e9 mesmo o desenvolvimento infantil.\u00a0<\/span><\/p>\n<p><span style=\"font-weight: 400;\">Para voc\u00ea ter uma ideia da import\u00e2ncia que as cores exercem sobre a crian\u00e7a, elas podem influenciar o sono e o apetite, bem como exercer efeitos sobre o pr\u00f3prio humor.<\/span><\/p>\n<p><span style=\"font-weight: 400;\">As<\/span> <span style=\"font-weight: 400;\">cores<\/span> <span style=\"font-weight: 400;\">s\u00e3o, em termos gerais, frequ\u00eancias vibrat\u00f3rias percebidas e interpretadas pelo c\u00e9rebro humano de diferentes modos. \u00c9 essa varia\u00e7\u00e3o de frequ\u00eancia que faz com que cada cor tenha uma influ\u00eancia diferente sobre o corpo e sobre as emo\u00e7\u00f5es, conforme a sua frequ\u00eancia.<\/span><\/p>\n<div id=\"attachment_46377\" style=\"width: 693px\" class=\"wp-caption alignnone\"><img loading=\"lazy\" decoding=\"async\" aria-describedby=\"caption-attachment-46377\" class=\"size-large wp-image-46377\" src=\"https:\/\/finger.ind.br\/wp-content\/uploads\/2019\/04\/12-dicas-para-quarto-infantil-que-voce-nao-pode-perder-683x1024.jpg\" alt=\"quarto de beb\u00ea menina\" width=\"683\" height=\"1024\" srcset=\"https:\/\/finger.ind.br\/wp-content\/uploads\/2019\/04\/12-dicas-para-quarto-infantil-que-voce-nao-pode-perder-683x1024.jpg 683w, https:\/\/finger.ind.br\/wp-content\/uploads\/2019\/04\/12-dicas-para-quarto-infantil-que-voce-nao-pode-perder-200x300.jpg 200w, https:\/\/finger.ind.br\/wp-content\/uploads\/2019\/04\/12-dicas-para-quarto-infantil-que-voce-nao-pode-perder-768x1152.jpg 768w, https:\/\/finger.ind.br\/wp-content\/uploads\/2019\/04\/12-dicas-para-quarto-infantil-que-voce-nao-pode-perder-1024x1536.jpg 1024w, https:\/\/finger.ind.br\/wp-content\/uploads\/2019\/04\/12-dicas-para-quarto-infantil-que-voce-nao-pode-perder-1365x2048.jpg 1365w, https:\/\/finger.ind.br\/wp-content\/uploads\/2019\/04\/12-dicas-para-quarto-infantil-que-voce-nao-pode-perder-scaled.jpg 1707w\" sizes=\"(max-width: 683px) 100vw, 683px\" \/><p id=\"caption-attachment-46377\" class=\"wp-caption-text\">Projeto: Catavento &#8211; Execu\u00e7\u00e3o: Finger Macei\u00f3 &#8211; Foto: Bia Beltr\u00e3o<\/p><\/div>\n<p><a href=\"https:\/\/finger.ind.br\/es\/blog\/moveis-planejados-em-cores-claras\/\"><span style=\"font-weight: 400;\">Cores<\/span><\/a> <span style=\"font-weight: 400;\">mais fortes, por exemplo, t\u00eam uma energia mais intensa do que as<\/span> <a href=\"https:\/\/finger.ind.br\/es\/blog\/cores-neutras\/\"><span style=\"font-weight: 400;\">cores neutras<\/span><\/a> <span style=\"font-weight: 400;\">porque possuem maior satura\u00e7\u00e3o e est\u00edmulo visual.<\/span><\/p>\n<p><span style=\"font-weight: 400;\">Portanto, no caso do <\/span><a href=\"https:\/\/finger.ind.br\/es\/blog\/moveis-para-quarto-de-bebe\/\"><span style=\"font-weight: 400;\">dormit\u00f3rio infantil<\/span><\/a><span style=\"font-weight: 400;\">, <\/span><span style=\"font-weight: 400;\">recomenda-se o uso de paletas mais suaves porque os beb\u00eas s\u00e3o, por natureza, mais sens\u00edveis aos estilos externos. As cores fortes podem acabar gerando excesso de informa\u00e7\u00e3o ao seu sistema nervoso (que, diga-se de passagem, ainda est\u00e1 em desenvolvimento).<\/span><\/p>\n<p><span style=\"font-weight: 400;\">Se quiserem, os pais podem colocar objetos coloridos na decora\u00e7\u00e3o do quarto. S\u00f3 \u00e9 importante ter em mente que as<\/span> <a href=\"https:\/\/finger.ind.br\/es\/blog\/cortina-ou-persiana\/\"><span style=\"font-weight: 400;\">cortinas<\/span><\/a><span style=\"font-weight: 400;\">, <\/span><a href=\"https:\/\/finger.ind.br\/es\/blog\/cor-de-parede-para-quarto-de-casal\/\"><span style=\"font-weight: 400;\">paredes<\/span><\/a> <span style=\"font-weight: 400;\">e colchas devem receber<\/span> <a href=\"https:\/\/finger.ind.br\/es\/blog\/moveis-planejados-em-cores-claras\/\"><span style=\"font-weight: 400;\">cores claras<\/span><\/a> <span style=\"font-weight: 400;\">para seguir com a premissa mais tranquilizadora.<\/span><\/p>\n<div id=\"attachment_26171\" style=\"width: 1034px\" class=\"wp-caption aligncenter\"><img loading=\"lazy\" decoding=\"async\" aria-describedby=\"caption-attachment-26171\" class=\"size-large wp-image-26171\" src=\"https:\/\/finger.ind.br\/wp-content\/uploads\/2019\/10\/cores-para-quarto-de-bebe-entenda-o-impacto-que-elas-tem-3-1024x683.jpg\" alt=\"quarto de bebe verdinho\" width=\"1024\" height=\"683\" srcset=\"https:\/\/finger.ind.br\/wp-content\/uploads\/2019\/10\/cores-para-quarto-de-bebe-entenda-o-impacto-que-elas-tem-3-1024x683.jpg 1024w, https:\/\/finger.ind.br\/wp-content\/uploads\/2019\/10\/cores-para-quarto-de-bebe-entenda-o-impacto-que-elas-tem-3-300x200.jpg 300w, https:\/\/finger.ind.br\/wp-content\/uploads\/2019\/10\/cores-para-quarto-de-bebe-entenda-o-impacto-que-elas-tem-3-768x512.jpg 768w, https:\/\/finger.ind.br\/wp-content\/uploads\/2019\/10\/cores-para-quarto-de-bebe-entenda-o-impacto-que-elas-tem-3-1536x1024.jpg 1536w, https:\/\/finger.ind.br\/wp-content\/uploads\/2019\/10\/cores-para-quarto-de-bebe-entenda-o-impacto-que-elas-tem-3-2048x1365.jpg 2048w\" sizes=\"(max-width: 1024px) 100vw, 1024px\" \/><p id=\"caption-attachment-26171\" class=\"wp-caption-text\">Projeto: Josi Barros &#8211; Execu\u00e7\u00e3o: Finger Piedade &#8211; Fotos: Adriano Rodrigo<\/p><\/div>\n<h2><b>Qual \u00e9 o momento de pintar o quarto do beb\u00ea?<\/b><\/h2>\n<p><span style=\"font-weight: 400;\">Essa \u00e9 uma d\u00favida totalmente plaus\u00edvel porque os pais n\u00e3o devem levar o seu beb\u00ea para dormir em um quarto com cheiro de tinta fresca. Isso pode causar, al\u00e9m de s\u00e9rios problemas na respira\u00e7\u00e3o, tamb\u00e9m desbloquear alergias e irrita\u00e7\u00f5es.\u00a0<\/span><\/p>\n<p><span style=\"font-weight: 400;\">Por isso, a<\/span> <a href=\"https:\/\/finger.ind.br\/es\/blog\/melhor-tinta-para-pintar-parede\/\"><span style=\"font-weight: 400;\">pintura<\/span><\/a> <span style=\"font-weight: 400;\">das <\/span><b>cores para quarto de beb\u00ea<\/b><span style=\"font-weight: 400;\"> precisa sempre ser feita no segundo trimestre da gravidez ou ent\u00e3o, at\u00e9 dois meses antes do parto. Antecipar a pintura vai evitar que o rec\u00e9m-nascido chegue no lar e tenha contato com o odor do produto.\u00a0<\/span><\/p>\n<p><span style=\"font-weight: 400;\">Importante saber<\/span><span style=\"font-weight: 400;\">: embora a ansiedade seja grande, n\u00e3o \u00e9 recomendado que as gestantes realizem a pintura elas pr\u00f3prias, ainda mais com as pr\u00f3prias m\u00e3os.\u00a0<\/span><\/p>\n<p><span style=\"font-weight: 400;\">Eis os motivos:<\/span><\/p>\n<ul>\n<li style=\"font-weight: 400;\" aria-level=\"1\"><span style=\"font-weight: 400;\">O processo pode ser muito desgastante, dependendo do tamanho e altura do quarto do beb\u00ea;<\/span><\/li>\n<li style=\"font-weight: 400;\" aria-level=\"1\"><span style=\"font-weight: 400;\">O cheiro da tinta pode causar intoxica\u00e7\u00e3o, mesmo que seja \u00e0 base d\u2019\u00e1gua.<\/span><\/li>\n<\/ul>\n<p><span style=\"font-weight: 400;\">Em todo caso, recomenda-se a contrata\u00e7\u00e3o de profissionais especializados para cuidar dessa tarefa.\u00a0<\/span><\/p>\n<div id=\"attachment_45413\" style=\"width: 1034px\" class=\"wp-caption alignnone\"><img loading=\"lazy\" decoding=\"async\" aria-describedby=\"caption-attachment-45413\" class=\"size-large wp-image-45413\" src=\"https:\/\/finger.ind.br\/wp-content\/uploads\/2019\/04\/7-dicas-para-quarto-infantil-que-voce-nao-pode-perder-1024x1024.jpeg\" alt=\"quarto beb\u00ea menina\" width=\"1024\" height=\"1024\" srcset=\"https:\/\/finger.ind.br\/wp-content\/uploads\/2019\/04\/7-dicas-para-quarto-infantil-que-voce-nao-pode-perder-1024x1024.jpeg 1024w, https:\/\/finger.ind.br\/wp-content\/uploads\/2019\/04\/7-dicas-para-quarto-infantil-que-voce-nao-pode-perder-300x300.jpeg 300w, https:\/\/finger.ind.br\/wp-content\/uploads\/2019\/04\/7-dicas-para-quarto-infantil-que-voce-nao-pode-perder-150x150.jpeg 150w, https:\/\/finger.ind.br\/wp-content\/uploads\/2019\/04\/7-dicas-para-quarto-infantil-que-voce-nao-pode-perder-768x768.jpeg 768w, https:\/\/finger.ind.br\/wp-content\/uploads\/2019\/04\/7-dicas-para-quarto-infantil-que-voce-nao-pode-perder.jpeg 1350w\" sizes=\"(max-width: 1024px) 100vw, 1024px\" \/><p id=\"caption-attachment-45413\" class=\"wp-caption-text\">Projeto: Rafael Sardaux &#8211; Execu\u00e7\u00e3o: Sardaux M\u00f3veis &#8211; Fotos: Carol Gomes<\/p><\/div>\n<p style=\"text-align: center;\"><span style=\"font-weight: 400;\">Leia tamb\u00e9m | <\/span><a href=\"https:\/\/finger.ind.br\/es\/blog\/quarto-montessoriano\/\"><span style=\"font-weight: 400;\">Quarto montessoriano: conhe\u00e7a os detalhes que n\u00e3o podem faltar no seu projeto<\/span><\/a><\/p>\n<h2>Quais s\u00e3o as melhores op\u00e7\u00f5es de cores para quarto de beb\u00ea<\/h2>\n<p><span style=\"font-weight: 400;\">Cada cor carrega em sua configura\u00e7\u00e3o frequ\u00eancias e significados diferentes. Por isso, para ajudar na escolha, o time Finger selecionou as principais paletas bel\u00edssimas que podem integrar projetos de <\/span><b>quarto de beb\u00ea planejado<\/b><span style=\"font-weight: 400;\">.<\/span><\/p>\n<h3>Cinza claro<\/h3>\n<p><span style=\"font-weight: 400;\">Essa \u00e9 uma cor muito f\u00e1cil de harmonizar com v\u00e1rios outros tons, e pode ajudar, inclusive, a criar um resultado extremamente suave, elegante e s\u00f3brio no que diz respeito \u00e0 <\/span><a href=\"https:\/\/finger.ind.br\/es\/blog\/decoracao-simples\/\"><span style=\"font-weight: 400;\">decora\u00e7\u00e3o<\/span><\/a><span style=\"font-weight: 400;\">.<\/span><\/p>\n<p><span style=\"font-weight: 400;\">Tons em branco, amadeirado claro, detalhes em tecido&#8230; A neutralidade do cinza faz com que elementos, texturas e cores adicionais se complementem.<\/span><\/p>\n<div id=\"attachment_26168\" style=\"width: 1034px\" class=\"wp-caption aligncenter\"><img loading=\"lazy\" decoding=\"async\" aria-describedby=\"caption-attachment-26168\" class=\"size-large wp-image-26168\" src=\"https:\/\/finger.ind.br\/wp-content\/uploads\/2019\/10\/cores-para-quarto-de-bebe-entenda-o-impacto-que-elas-tem-2-1024x683.jpg\" alt=\"quarto de bebe tom pastel cinza e rosa\" width=\"1024\" height=\"683\" srcset=\"https:\/\/finger.ind.br\/wp-content\/uploads\/2019\/10\/cores-para-quarto-de-bebe-entenda-o-impacto-que-elas-tem-2-1024x683.jpg 1024w, https:\/\/finger.ind.br\/wp-content\/uploads\/2019\/10\/cores-para-quarto-de-bebe-entenda-o-impacto-que-elas-tem-2-300x200.jpg 300w, https:\/\/finger.ind.br\/wp-content\/uploads\/2019\/10\/cores-para-quarto-de-bebe-entenda-o-impacto-que-elas-tem-2-768x512.jpg 768w, https:\/\/finger.ind.br\/wp-content\/uploads\/2019\/10\/cores-para-quarto-de-bebe-entenda-o-impacto-que-elas-tem-2-1536x1024.jpg 1536w, https:\/\/finger.ind.br\/wp-content\/uploads\/2019\/10\/cores-para-quarto-de-bebe-entenda-o-impacto-que-elas-tem-2-2048x1365.jpg 2048w\" sizes=\"(max-width: 1024px) 100vw, 1024px\" \/><p id=\"caption-attachment-26168\" class=\"wp-caption-text\">Projeto: ArqSign &#8211; Execu\u00e7\u00e3o: Finger Piedade &#8211; Fotos: Adriano Rodrigo<\/p><\/div>\n<h3>Branco<\/h3>\n<p><span style=\"font-weight: 400;\">O <\/span><a href=\"https:\/\/finger.ind.br\/es\/blog\/moveis-brancos\/\"><span style=\"font-weight: 400;\">branco <\/span><\/a><span style=\"font-weight: 400;\">traz tranquilidade, calma e muita pureza ao ambiente. E \u00e9 claro, combina com todo tipo de paleta de cor e decora\u00e7\u00e3o. Vale mencionar, ainda, que o tom \u00e9 \u00f3timo para quartos pequenos, pois proporciona uma maior sensa\u00e7\u00e3o de amplitude.<\/span><\/p>\n<p><span style=\"font-weight: 400;\">Caso os pais desejem quebrar a monotonia do branco, \u00e9 poss\u00edvel inserir pontos de cor e combinar o tom com cores mais coloridas, como o azul, o rosa, o amarelo ou o verde, por exemplo. Esses tons trazem contraste \u00e0 paleta neutra e acrescentam aquele toque de alegria e vibra\u00e7\u00e3o.<\/span><\/p>\n<p><span style=\"font-weight: 400;\">Geralmente, o branco \u00e9 uma escolha bastante segura por ter car\u00e1ter atemporal e discreto. No entanto, aqui vai um adendo: \u00e9 preciso ter cuidado para que as paredes n\u00e3o fiquem sujas.<\/span><\/p>\n<div id=\"attachment_42231\" style=\"width: 1034px\" class=\"wp-caption alignnone\"><img loading=\"lazy\" decoding=\"async\" aria-describedby=\"caption-attachment-42231\" class=\"size-large wp-image-42231\" src=\"https:\/\/finger.ind.br\/wp-content\/uploads\/2020\/01\/as-vantagens-de-um-quarto-infantil-planejado-1-1024x683.jpg\" alt=\"quarto de menina infantil m\u00f3veis planejados\" width=\"1024\" height=\"683\" srcset=\"https:\/\/finger.ind.br\/wp-content\/uploads\/2020\/01\/as-vantagens-de-um-quarto-infantil-planejado-1-1024x683.jpg 1024w, https:\/\/finger.ind.br\/wp-content\/uploads\/2020\/01\/as-vantagens-de-um-quarto-infantil-planejado-1-300x200.jpg 300w, https:\/\/finger.ind.br\/wp-content\/uploads\/2020\/01\/as-vantagens-de-um-quarto-infantil-planejado-1-768x512.jpg 768w, https:\/\/finger.ind.br\/wp-content\/uploads\/2020\/01\/as-vantagens-de-um-quarto-infantil-planejado-1-1536x1024.jpg 1536w, https:\/\/finger.ind.br\/wp-content\/uploads\/2020\/01\/as-vantagens-de-um-quarto-infantil-planejado-1.jpg 2048w\" sizes=\"(max-width: 1024px) 100vw, 1024px\" \/><p id=\"caption-attachment-42231\" class=\"wp-caption-text\">Projeto: Studio Noi &#8211; Execu\u00e7\u00e3o M\u00f3veis Planejados: Finger Casa Forte &#8211; Fotos: Walter Dias<\/p><\/div>\n<h3>Verde<\/h3>\n<p><span style=\"font-weight: 400;\">Onde h\u00e1 verde, h\u00e1 vida. Por isso, essa cor est\u00e1 diretamente associada ao crescimento, \u00e0 juventude e \u00e0 esperan\u00e7a de um futuro pr\u00f3spero para o rec\u00e9m-nascido. O verde promove, naturalmente, liga\u00e7\u00e3o com o meio ambiental, rejuvenesce, gera paz, promove o descanso e acalma.<\/span><\/p>\n<p><span style=\"font-weight: 400;\">Devido a todas essas caracter\u00edsticas, o verde-claro \u00e9 o ideal para <\/span><b>quarto de beb\u00ea planejado<\/b><span style=\"font-weight: 400;\">.\u00a0<\/span><\/p>\n<p><span style=\"font-weight: 400;\">E, porque n\u00e3o o tom mais escuro?\u00a0<\/span><\/p>\n<p><span style=\"font-weight: 400;\">\u00c9 poss\u00edvel usar de tons mais escuros de verde, mas sempre fa\u00e7a uma combina\u00e7\u00e3o de cores mais claras para equilibrar o ambiente.<\/span><\/p>\n<p><img loading=\"lazy\" decoding=\"async\" class=\"size-large wp-image-47109\" src=\"https:\/\/finger.ind.br\/wp-content\/uploads\/2019\/10\/cores-para-quarto-de-bebe-entenda-o-impacto-que-elas-tem-5-1024x683.jpg\" alt=\"\" width=\"1024\" height=\"683\" srcset=\"https:\/\/finger.ind.br\/wp-content\/uploads\/2019\/10\/cores-para-quarto-de-bebe-entenda-o-impacto-que-elas-tem-5-1024x683.jpg 1024w, https:\/\/finger.ind.br\/wp-content\/uploads\/2019\/10\/cores-para-quarto-de-bebe-entenda-o-impacto-que-elas-tem-5-300x200.jpg 300w, https:\/\/finger.ind.br\/wp-content\/uploads\/2019\/10\/cores-para-quarto-de-bebe-entenda-o-impacto-que-elas-tem-5-768x512.jpg 768w, https:\/\/finger.ind.br\/wp-content\/uploads\/2019\/10\/cores-para-quarto-de-bebe-entenda-o-impacto-que-elas-tem-5-1536x1024.jpg 1536w, https:\/\/finger.ind.br\/wp-content\/uploads\/2019\/10\/cores-para-quarto-de-bebe-entenda-o-impacto-que-elas-tem-5-2048x1365.jpg 2048w\" sizes=\"(max-width: 1024px) 100vw, 1024px\" \/><\/p>\n<h3>Rosa<\/h3>\n<p><span style=\"font-weight: 400;\">A cor rosa \u00e9 uma mistura de branco com vermelho e o seu significado \u00e9 uma mescla do que as<\/span> <a href=\"https:\/\/finger.ind.br\/es\/blog\/combinacao-de-cores\/\"><span style=\"font-weight: 400;\">cores<\/span><\/a><span style=\"font-weight: 400;\"> representam. Muito usada nos <\/span><a href=\"https:\/\/finger.ind.br\/es\/blog\/decoracao-de-quarto-para-menina\/\"><span style=\"font-weight: 400;\">quartos de menina<\/span><\/a><span style=\"font-weight: 400;\">, <\/span><span style=\"font-weight: 400;\">o rosa \u00e9 uma paleta que estimula as emo\u00e7\u00f5es e est\u00e1 diretamente relacionada ao amor e cuidado.<\/span><\/p>\n<p><span style=\"font-weight: 400;\">Para o <\/span><b>quarto de beb\u00ea planejado<\/b><span style=\"font-weight: 400;\">, o indicado \u00e9 priorizar o rosa claro ou queimado, pois tr\u00e1s uma sensa\u00e7\u00e3o de tranquilidade e leveza. Mas, se os pais quiserem inserir tons mais fortes, recomenda-se evitar a pintura de todas as paredes com essa cor &#8211; isso para n\u00e3o correrem o risco de despertar irritabilidade e agita\u00e7\u00e3o no beb\u00ea.<\/span><\/p>\n<div id=\"attachment_29018\" style=\"width: 1034px\" class=\"wp-caption aligncenter\"><img loading=\"lazy\" decoding=\"async\" aria-describedby=\"caption-attachment-29018\" class=\"size-large wp-image-29018\" src=\"https:\/\/finger.ind.br\/wp-content\/uploads\/2019\/10\/cores-para-quarto-de-bebe-entenda-o-impacto-que-elas-tem-1024x682.jpe\" alt=\"quarto de beb\u00ea menina rosa com verde\" width=\"1024\" height=\"682\" srcset=\"https:\/\/finger.ind.br\/wp-content\/uploads\/2019\/10\/cores-para-quarto-de-bebe-entenda-o-impacto-que-elas-tem-1024x682.jpe 1024w, https:\/\/finger.ind.br\/wp-content\/uploads\/2019\/10\/cores-para-quarto-de-bebe-entenda-o-impacto-que-elas-tem-300x200.jpe 300w, https:\/\/finger.ind.br\/wp-content\/uploads\/2019\/10\/cores-para-quarto-de-bebe-entenda-o-impacto-que-elas-tem-768x512.jpe 768w, https:\/\/finger.ind.br\/wp-content\/uploads\/2019\/10\/cores-para-quarto-de-bebe-entenda-o-impacto-que-elas-tem-1536x1023.jpe 1536w, https:\/\/finger.ind.br\/wp-content\/uploads\/2019\/10\/cores-para-quarto-de-bebe-entenda-o-impacto-que-elas-tem.jpe 1600w\" sizes=\"(max-width: 1024px) 100vw, 1024px\" \/><p id=\"caption-attachment-29018\" class=\"wp-caption-text\">Projeto: Nat\u00e1lia Coelho &#8211; Execu\u00e7\u00e3o: Finger Bahia &#8211; Fotos: Gabriela Daltro<\/p><\/div>\n<h3>Azul beb\u00ea<\/h3>\n<p><span style=\"font-weight: 400;\">A cor azul representa a espiritualidade angelical e simboliza o elemento \u00e1gua, ou seja, emo\u00e7\u00e3o pura. \u00c9 uma cor que vai, na pr\u00e1tica, tranquilizar e acalmar o beb\u00ea.<\/span><\/p>\n<p><span style=\"font-weight: 400;\">Quando combinado com a decora\u00e7\u00e3o, o azul pode real\u00e7ar ainda o poder da intui\u00e7\u00e3o e do racioc\u00ednio. S\u00f3 lembrando: para quartos dessa cor, o recomendado \u00e9 utilizar objetos de <\/span><a href=\"https:\/\/finger.ind.br\/es\/blog\/decoracao-afetiva\/\"><span style=\"font-weight: 400;\">decora\u00e7\u00e3o <\/span><\/a><span style=\"font-weight: 400;\">ou <\/span><a href=\"https:\/\/finger.ind.br\/es\/blog\/decoracao-com-papel-de-parede\/\"><span style=\"font-weight: 400;\">papel de parede<\/span><\/a> <span style=\"font-weight: 400;\">branco para trazer mais equil\u00edbrio.<\/span><\/p>\n<div id=\"attachment_29015\" style=\"width: 1034px\" class=\"wp-caption aligncenter\"><img loading=\"lazy\" decoding=\"async\" aria-describedby=\"caption-attachment-29015\" class=\"size-large wp-image-29015\" src=\"https:\/\/finger.ind.br\/wp-content\/uploads\/2019\/10\/cores-para-quarto-de-bebe-entenda-o-impacto-que-elas-tem-4-1024x683.jpg\" alt=\"quarto de beb\u00ea azul \" width=\"1024\" height=\"683\" srcset=\"https:\/\/finger.ind.br\/wp-content\/uploads\/2019\/10\/cores-para-quarto-de-bebe-entenda-o-impacto-que-elas-tem-4-1024x683.jpg 1024w, https:\/\/finger.ind.br\/wp-content\/uploads\/2019\/10\/cores-para-quarto-de-bebe-entenda-o-impacto-que-elas-tem-4-300x200.jpg 300w, https:\/\/finger.ind.br\/wp-content\/uploads\/2019\/10\/cores-para-quarto-de-bebe-entenda-o-impacto-que-elas-tem-4-768x512.jpg 768w, https:\/\/finger.ind.br\/wp-content\/uploads\/2019\/10\/cores-para-quarto-de-bebe-entenda-o-impacto-que-elas-tem-4-1536x1024.jpg 1536w, https:\/\/finger.ind.br\/wp-content\/uploads\/2019\/10\/cores-para-quarto-de-bebe-entenda-o-impacto-que-elas-tem-4-2048x1365.jpg 2048w\" sizes=\"(max-width: 1024px) 100vw, 1024px\" \/><p id=\"caption-attachment-29015\" class=\"wp-caption-text\">Projeto: Arquitetura De M\u00e3e &#8211; Execu\u00e7\u00e3o: Finger Bahia &#8211; Foto: Xico Diniz<\/p><\/div>\n<h2><b>Como escolher as cores para o quarto de beb\u00ea planejado<\/b><\/h2>\n<p><span style=\"font-weight: 400;\">A primeira coisa que voc\u00eas, pais, precisam se perguntar s\u00e3o:\u00a0<\/span><\/p>\n<ul>\n<li style=\"font-weight: 400;\" aria-level=\"1\"><span style=\"font-weight: 400;\">Quais sensa\u00e7\u00f5es querem passar para o rec\u00e9m-nascido;<\/span><\/li>\n<li style=\"font-weight: 400;\" aria-level=\"1\"><span style=\"font-weight: 400;\">Qual \u00e9 o estilo de decora\u00e7\u00e3o que o<\/span><b> quarto de beb\u00ea planejado<\/b><span style=\"font-weight: 400;\"> vai seguir.<\/span><\/li>\n<\/ul>\n<p><span style=\"font-weight: 400;\">Quartos femininos geralmente pedem cores mais suaves, enquanto que os <\/span><a href=\"https:\/\/finger.ind.br\/es\/blog\/decoracao-para-quarto-de-menino\/\"><span style=\"font-weight: 400;\">quartos para meninos<\/span><\/a><span style=\"font-weight: 400;\"> costumam priorizar tons frios ou neutros.<\/span><\/p>\n<p><span style=\"font-weight: 400;\">Se o estilo de decora\u00e7\u00e3o \u00e9 mais cl\u00e1ssico, paletas de cores baseadas em bege, branco, cinza s\u00e3o op\u00e7\u00f5es que podem casar muito bem com o projeto. J\u00e1 se o estilo \u00e9 mais moderno, tons em verde, azul ou combina\u00e7\u00f5es contrastantes podem se adequar melhor \u00e0 proposta.<\/span><\/p>\n<p><span style=\"font-weight: 400;\">Todas as cores que mencionamos anteriormente podem, se bem aplicadas, ser exploradas nos projetos de quarto infantil. <\/span><\/p>\n<h2><b>Al\u00e9m das cores: por que investir em m\u00f3veis planejados para o quarto de beb\u00ea?<\/b><\/h2>\n<p><span style=\"font-weight: 400;\">O processo para criar um c\u00f4modo confort\u00e1vel para o rec\u00e9m-nascido n\u00e3o termina nas <\/span><b>cores para quarto de beb\u00ea<\/b><span style=\"font-weight: 400;\">, obviamente. Ap\u00f3s definir a paleta ideal, os papais precisam escolher tamb\u00e9m os<\/span> <a href=\"https:\/\/finger.ind.br\/es\/blog\/personalizar-moveis\/\"><span style=\"font-weight: 400;\">m\u00f3veis <\/span><\/a><span style=\"font-weight: 400;\">que v\u00e3o compor o quarto.\u00a0<\/span><\/p>\n<p><span style=\"font-weight: 400;\">Os beb\u00eas, por natureza, t\u00eam necessidades espec\u00edficas que devem ser levadas em considera\u00e7\u00e3o no momento da montagem do ambiente. Por isso, h\u00e1<\/span> <a href=\"https:\/\/finger.ind.br\/es\/blog\/moveis-para-quarto-de-bebe\/\"><span style=\"font-weight: 400;\">m\u00f3veis espec\u00edficos que n\u00e3o podem ficar de fora da lista<\/span><\/a><span style=\"font-weight: 400;\">.\u00a0<\/span><\/p>\n<p><span style=\"font-weight: 400;\">Um deles, inclusive, \u00e9 o trocador, um m\u00f3vel dedicado ao uso dos pais para apoiar o beb\u00ea e mudar a fralda. Sem esse item, \u00e9 bem prov\u00e1vel que encontrem dificuldades para realizar essa tarefa.<\/span><\/p>\n<p><span style=\"font-weight: 400;\">Mas, al\u00e9m da funcionalidade, os m\u00f3veis planejados tamb\u00e9m s\u00e3o recomendados pelos seguintes motivos:\u00a0<\/span><\/p>\n<ul>\n<li style=\"font-weight: 400;\" aria-level=\"1\"><a href=\"https:\/\/finger.ind.br\/es\/blog\/otimizar-espaco-no-apartamento\/\"><span style=\"font-weight: 400;\">Otimizam o espa\u00e7o<\/span><\/a><span style=\"font-weight: 400;\">;<\/span><\/li>\n<li style=\"font-weight: 400;\" aria-level=\"1\"><span style=\"font-weight: 400;\">Permitem maior<\/span> <a href=\"https:\/\/finger.ind.br\/es\/blog\/personalizacao-de-moveis\/\"><span style=\"font-weight: 400;\">personaliza\u00e7\u00e3o<\/span><\/a> <span style=\"font-weight: 400;\">ao <\/span><b>quarto de beb\u00ea planejado<\/b><span style=\"font-weight: 400;\">;<\/span><\/li>\n<li style=\"font-weight: 400;\" aria-level=\"1\"><span style=\"font-weight: 400;\">Garantem que o c\u00f4modo une beleza,<\/span> <a href=\"https:\/\/finger.ind.br\/es\/blog\/receber-amigos-em-casa\/\"><span style=\"font-weight: 400;\">conforto<\/span><\/a> <span style=\"font-weight: 400;\">e sofistica\u00e7\u00e3o;<\/span><\/li>\n<li style=\"font-weight: 400;\" aria-level=\"1\"><span style=\"font-weight: 400;\">Asseguram o acesso a produtos de boa qualidade.<\/span><\/li>\n<\/ul>\n<p><a href=\"https:\/\/www.youtube.com\/watch?v=oeLwjyRAaOM\">Quarto de Beb\u00ea Lindo e Funcional &#8211; YouTube<\/a><\/p>\n<p><iframe loading=\"lazy\" title=\"Quarto de Beb\u00ea Lindo e Funcional\" width=\"500\" height=\"281\" src=\"https:\/\/www.youtube.com\/embed\/oeLwjyRAaOM?feature=oembed&#038;enablejsapi=1&#038;origin=https:\/\/finger.ind.br\" frameborder=\"0\" allow=\"accelerometer; autoplay; clipboard-write; encrypted-media; gyroscope; picture-in-picture; web-share\" referrerpolicy=\"strict-origin-when-cross-origin\" allowfullscreen><\/iframe><\/p>\n<h2><b>Como planejar os m\u00f3veis do quarto do rec\u00e9m-nascido<\/b><\/h2>\n<p><span style=\"font-weight: 400;\">Ent\u00e3o voc\u00ea decidiu que n\u00e3o quer parar s\u00f3 na escolha de<\/span><b> cores para quarto de beb\u00ea<\/b><span style=\"font-weight: 400;\"> e que quer ir al\u00e9m no projeto. A pergunta que fica \u00e9: como planejar os m\u00f3veis de modo que as pe\u00e7as acompanhem a paleta de cores escolhidas e a decora\u00e7\u00e3o?<\/span><\/p>\n<p><span style=\"font-weight: 400;\">Nossos especialistas recomendam:<\/span><\/p>\n<h3><b>1- Optar por m\u00f3veis funcionais sempre que poss\u00edvel<\/b><\/h3>\n<p><span style=\"font-weight: 400;\">Como dissemos anteriormente, os<\/span> <a href=\"https:\/\/finger.ind.br\/es\/blog\/moveis-para-quarto-de-bebe\/\"><span style=\"font-weight: 400;\">beb\u00eas<\/span><\/a> <span style=\"font-weight: 400;\">t\u00eam necessidades que precisam ser consideradas no momento da montagem do quarto. Por isso, quando for planejar os m\u00f3veis, \u00e9 importante investir em pe\u00e7as funcionais que otimizem o espa\u00e7o e ajudem na rotina de cuidados da crian\u00e7a.<\/span><\/p>\n<p><span style=\"font-weight: 400;\">Em geral, os quartos de beb\u00eas t\u00eam uma c\u00f4moda, um ber\u00e7o, uma cadeira de amamenta\u00e7\u00e3o e um trocador. Se no seu lar o ambiente for mais compacto, pode planejar um m\u00f3vel com dupla fun\u00e7\u00e3o, como uma c\u00f4moda com um trocador ou um ber\u00e7o com gavetas, por exemplo.\u00a0<\/span><\/p>\n<div id=\"attachment_45597\" style=\"width: 693px\" class=\"wp-caption alignnone\"><img loading=\"lazy\" decoding=\"async\" aria-describedby=\"caption-attachment-45597\" class=\"size-large wp-image-45597\" src=\"https:\/\/finger.ind.br\/wp-content\/uploads\/2019\/04\/7-dicas-para-quarto-infantil-que-voce-nao-pode-perder-3-683x1024.jpg\" alt=\"quarto beb\u00ea cama beliche\" width=\"683\" height=\"1024\" srcset=\"https:\/\/finger.ind.br\/wp-content\/uploads\/2019\/04\/7-dicas-para-quarto-infantil-que-voce-nao-pode-perder-3-683x1024.jpg 683w, https:\/\/finger.ind.br\/wp-content\/uploads\/2019\/04\/7-dicas-para-quarto-infantil-que-voce-nao-pode-perder-3-200x300.jpg 200w, https:\/\/finger.ind.br\/wp-content\/uploads\/2019\/04\/7-dicas-para-quarto-infantil-que-voce-nao-pode-perder-3-768x1152.jpg 768w, https:\/\/finger.ind.br\/wp-content\/uploads\/2019\/04\/7-dicas-para-quarto-infantil-que-voce-nao-pode-perder-3-1024x1536.jpg 1024w, https:\/\/finger.ind.br\/wp-content\/uploads\/2019\/04\/7-dicas-para-quarto-infantil-que-voce-nao-pode-perder-3-1365x2048.jpg 1365w, https:\/\/finger.ind.br\/wp-content\/uploads\/2019\/04\/7-dicas-para-quarto-infantil-que-voce-nao-pode-perder-3-scaled.jpg 1707w\" sizes=\"(max-width: 683px) 100vw, 683px\" \/><p id=\"caption-attachment-45597\" class=\"wp-caption-text\">CASACOR Bras\u00edlia 2022 &#8211; Projeto: Ana Paula Ribeiro &#8211; Execu\u00e7\u00e3o: Finger Bras\u00edlia &#8211; Fotos: Edgard Cesar<\/p><\/div>\n<h3><b>2- Pensar no espa\u00e7o com muito carinho<\/b><\/h3>\n<p><span style=\"font-weight: 400;\">A rotina com um rec\u00e9m-nascido \u00e9 por si s\u00f3 intensa e exigente. Por isso, \u00e9 importante que todo o ambiente seja pensado para ser funcional e com espa\u00e7os otimizados.<\/span><\/p>\n<p><span style=\"font-weight: 400;\">Aqui, a dica \u00e9 definir os m\u00f3veis na propor\u00e7\u00e3o correta para o ambiente, sempre priorizando circula\u00e7\u00e3o livre que facilite o uso e garanta<\/span> <a href=\"https:\/\/finger.ind.br\/es\/blog\/como-organizar-quarto-infantil\/\"><span style=\"font-weight: 400;\">organiza\u00e7\u00e3o<\/span><\/a><span style=\"font-weight: 400;\">.<\/span><\/p>\n<p><span style=\"font-weight: 400;\">Outra dica valiosa: as <\/span><b>cores para quarto de beb\u00ea<\/b><span style=\"font-weight: 400;\"> e as estampas podem ser diferentes do padr\u00e3o, desde que combinem com o<\/span> <a href=\"https:\/\/finger.ind.br\/es\/blog\/estilos-de-decoracao\/\"><span style=\"font-weight: 400;\">estilo<\/span><\/a> <span style=\"font-weight: 400;\">e a personalidade do espa\u00e7o.<\/span><\/p>\n<div id=\"attachment_43066\" style=\"width: 1034px\" class=\"wp-caption alignnone\"><img loading=\"lazy\" decoding=\"async\" aria-describedby=\"caption-attachment-43066\" class=\"size-large wp-image-43066\" src=\"https:\/\/finger.ind.br\/wp-content\/uploads\/2022\/04\/finger-museum-23-1024x576.jpg\" alt=\"dormit\u00f3rio infantil rosa soul collection\" width=\"1024\" height=\"576\" srcset=\"https:\/\/finger.ind.br\/wp-content\/uploads\/2022\/04\/finger-museum-23-1024x576.jpg 1024w, https:\/\/finger.ind.br\/wp-content\/uploads\/2022\/04\/finger-museum-23-300x169.jpg 300w, https:\/\/finger.ind.br\/wp-content\/uploads\/2022\/04\/finger-museum-23-768x432.jpg 768w, https:\/\/finger.ind.br\/wp-content\/uploads\/2022\/04\/finger-museum-23-1536x864.jpg 1536w, https:\/\/finger.ind.br\/wp-content\/uploads\/2022\/04\/finger-museum-23.jpg 1920w\" sizes=\"(max-width: 1024px) 100vw, 1024px\" \/><p id=\"caption-attachment-43066\" class=\"wp-caption-text\">Projeto: Mateus Sohne<\/p><\/div>\n<p>\u00a0<\/p>\n<p><span style=\"font-weight: 400;\">Gostou de saber sobre os significados das <\/span><b>cores para quarto de beb\u00ea<\/b><span style=\"font-weight: 400;\">?\u00a0<\/span><\/p>\n<p><span style=\"font-weight: 400;\">J\u00e1 decidiu que quer investir em m\u00f3veis planejados para tornar o cantinho do rec\u00e9m nascido especial? <\/span><a href=\"https:\/\/proposta.finger.ind.br\/\"><span style=\"font-weight: 400;\">Solicite uma proposta online<\/span><\/a> <span style=\"font-weight: 400;\">com nossos especialistas ou <\/span><a href=\"https:\/\/finger.ind.br\/showrooms\/\"><span style=\"font-weight: 400;\">visite um de nossos showrooms mais pr\u00f3ximos<\/span><\/a> <span style=\"font-weight: 400;\">para conhecer a qualidade dos m\u00f3veis Finger!<\/span><\/p>\n<p><a href=\"https:\/\/proposta.finger.ind.br\/\"><img loading=\"lazy\" decoding=\"async\" class=\"alignnone size-large wp-image-25990\" src=\"https:\/\/finger.ind.br\/wp-content\/uploads\/2021\/05\/finger-banner-720x100-5-1024x143.jpg\" alt=\"solicite orcamento moveis planejados personalizados\" width=\"1024\" height=\"143\" srcset=\"https:\/\/finger.ind.br\/wp-content\/uploads\/2021\/05\/finger-banner-720x100-5-1024x143.jpg 1024w, https:\/\/finger.ind.br\/wp-content\/uploads\/2021\/05\/finger-banner-720x100-5-300x42.jpg 300w, https:\/\/finger.ind.br\/wp-content\/uploads\/2021\/05\/finger-banner-720x100-5-768x107.jpg 768w, https:\/\/finger.ind.br\/wp-content\/uploads\/2021\/05\/finger-banner-720x100-5.jpg 1500w\" sizes=\"(max-width: 1024px) 100vw, 1024px\" \/><\/a><\/p>\n\n\n<h2 class=\"wp-block-heading\"><strong>FAQ<\/strong><\/h2>\n\n\n\n<h3 class=\"wp-block-heading\"><strong>Qual a cor ideal para quarto de beb\u00ea?<\/strong><\/h3>\n\n\n\n<p>O recomendado \u00e9 trabalhar com cores claras e discretas, que n\u00e3o pesem no ambiente nem enjoam com o tempo. Bege, off-white, um verde bem leve, azul mais apagado&#8230; Essas cores funcionam porque deixam o espa\u00e7o mais tranquilo e ainda permitem mudar outros elementos do quarto sem precisar refazer tudo.<\/p>\n\n\n\n<h3 class=\"wp-block-heading\"><strong>Quais cores acalmam beb\u00eas?<\/strong><\/h3>\n\n\n\n<p>Cores muito fortes tendem a estimular mais do que o necess\u00e1rio. J\u00e1 tons mais suaves como azul claro, verde ou varia\u00e7\u00f5es de neutros, deixam o ambiente mais tranquilo e visualmente mais harm\u00f4nico.<\/p>\n","protected":false},"excerpt":{"rendered":"<p>Cores para quarto de beb\u00ea\u2026 qual paleta os pais devem usar para deixar o c\u00f4modo confort\u00e1vel e tranquilo? A gravidez \u00e9 um momento muito importante e especial na vida da mulher que aguarda, junto \u00e0 fam\u00edlia, o nascimento de um novo integrante.\u00a0 \u00c9 tamb\u00e9m um momento de muita agita\u00e7\u00e3o, de tomar decis\u00f5es importantes e, inclusive, [&hellip;]<\/p>\n","protected":false},"author":3,"featured_media":11404,"comment_status":"open","ping_status":"closed","sticky":false,"template":"","format":"standard","meta":{"_acf_changed":false,"footnotes":""},"categories":[52,85,297,53,88,56,57],"tags":[1571,1555,1111,1572,957,1785,288,1035,291,1403,1036,1173,331,964,952,1786,1069,611,1127,290,1037],"class_list":["post-11403","post","type-post","status-publish","format-standard","has-post-thumbnail","hentry","category-ambientes","category-curiosidade","category-decoracao","category-design","category-life-style","category-life-style-mindfullness","category-tendencias","tag-baby","tag-bebe","tag-colorfull","tag-colorimetria","tag-cores","tag-cores-para-quarto-infantil","tag-decoracao","tag-design-es-2","tag-dicas-finger","tag-infantil","tag-inspiracao-es-2","tag-kids","tag-life-style","tag-moveis-personalizados","tag-moveis-planejados","tag-moveis-quarto-infantil","tag-poder-das-cores","tag-quarto-de-bebe","tag-quarto-infantil","tag-tendencia","tag-tendencias-es-2"],"acf":[],"yoast_head":"<!-- This site is optimized with the Yoast SEO plugin v27.4 - https:\/\/yoast.com\/product\/yoast-seo-wordpress\/ -->\n<title>Cores para quarto de beb\u00ea: entenda o impacto que elas t\u00eam<\/title>\n<meta name=\"description\" content=\"Quer saber mais sobre os impactos das cores na vida do beb\u00ea e qual \u00e9 o significado que cada um carrega? Continue acompanhando e saiba mais!\" \/>\n<meta name=\"robots\" content=\"index, follow, max-snippet:-1, max-image-preview:large, max-video-preview:-1\" \/>\n<link rel=\"canonical\" href=\"https:\/\/finger.ind.br\/es\/blog\/cores-para-quarto-de-bebe\/\" \/>\n<meta property=\"og:locale\" content=\"es_ES\" \/>\n<meta property=\"og:type\" content=\"article\" \/>\n<meta property=\"og:title\" content=\"Cores para quarto de beb\u00ea: entenda o impacto que elas t\u00eam\" \/>\n<meta property=\"og:description\" content=\"Quer saber mais sobre os impactos das cores na vida do beb\u00ea e qual \u00e9 o significado que cada um carrega? Continue acompanhando e saiba mais!\" \/>\n<meta property=\"og:url\" content=\"https:\/\/finger.ind.br\/es\/blog\/cores-para-quarto-de-bebe\/\" \/>\n<meta property=\"og:site_name\" content=\"Finger M\u00f3veis Planejados\" \/>\n<meta property=\"article:published_time\" content=\"2019-10-09T16:19:31+00:00\" \/>\n<meta property=\"article:modified_time\" content=\"2026-04-16T18:14:48+00:00\" \/>\n<meta property=\"og:image\" content=\"https:\/\/finger.ind.br\/wp-content\/uploads\/2019\/10\/original-6124fae744718a8383a2f5c0c9aa7912.jpg\" \/>\n\t<meta property=\"og:image:width\" content=\"2121\" \/>\n\t<meta property=\"og:image:height\" content=\"1414\" \/>\n\t<meta property=\"og:image:type\" content=\"image\/jpeg\" \/>\n<meta name=\"author\" content=\"Equipe de Marketing da Finger\" \/>\n<meta name=\"twitter:card\" content=\"summary_large_image\" \/>\n<meta name=\"twitter:label1\" content=\"Escrito por\" \/>\n\t<meta name=\"twitter:data1\" content=\"Equipe de Marketing da Finger\" \/>\n\t<meta name=\"twitter:label2\" content=\"Tiempo de lectura\" \/>\n\t<meta name=\"twitter:data2\" content=\"12 minutos\" \/>\n<script type=\"application\/ld+json\" class=\"yoast-schema-graph\">{\"@context\":\"https:\\\/\\\/schema.org\",\"@graph\":[{\"@type\":\"Article\",\"@id\":\"https:\\\/\\\/finger.ind.br\\\/es\\\/blog\\\/cores-para-quarto-de-bebe\\\/#article\",\"isPartOf\":{\"@id\":\"https:\\\/\\\/finger.ind.br\\\/es\\\/blog\\\/cores-para-quarto-de-bebe\\\/\"},\"author\":{\"name\":\"Equipe de Marketing da Finger\",\"@id\":\"https:\\\/\\\/finger.ind.br\\\/es\\\/2025\\\/#\\\/schema\\\/person\\\/6ca7a719a8a45ba912f75f5ce4acf3c9\"},\"headline\":\"Cores para quarto de beb\u00ea: entenda o impacto que elas t\u00eam\",\"datePublished\":\"2019-10-09T16:19:31+00:00\",\"dateModified\":\"2026-04-16T18:14:48+00:00\",\"mainEntityOfPage\":{\"@id\":\"https:\\\/\\\/finger.ind.br\\\/es\\\/blog\\\/cores-para-quarto-de-bebe\\\/\"},\"wordCount\":2052,\"commentCount\":0,\"image\":{\"@id\":\"https:\\\/\\\/finger.ind.br\\\/es\\\/blog\\\/cores-para-quarto-de-bebe\\\/#primaryimage\"},\"thumbnailUrl\":\"https:\\\/\\\/finger.ind.br\\\/wp-content\\\/uploads\\\/2019\\\/10\\\/original-6124fae744718a8383a2f5c0c9aa7912.jpg\",\"keywords\":[\"baby\",\"bebe\",\"colorfull\",\"colorimetria\",\"cores\",\"cores para quarto infantil\",\"decora\u00e7\u00e3o\",\"design\",\"dicas finger\",\"infantil\",\"inspira\u00e7\u00e3o\",\"kids\",\"life style\",\"moveis personalizados\",\"moveis planejados\",\"m\u00f3veis quarto infantil\",\"poder das cores\",\"quarto de beb\u00ea\",\"quarto infantil\",\"tend\u00eancia\",\"tend\u00eancias\"],\"articleSection\":[\"Ambientes\",\"Curiosidade\",\"Decora\u00e7\u00e3o\",\"Design\",\"Life Style\",\"Life Style \\\/ Mindfullness\",\"Tend\u00eancias\"],\"inLanguage\":\"es\",\"potentialAction\":[{\"@type\":\"CommentAction\",\"name\":\"Comment\",\"target\":[\"https:\\\/\\\/finger.ind.br\\\/es\\\/blog\\\/cores-para-quarto-de-bebe\\\/#respond\"]}]},{\"@type\":\"WebPage\",\"@id\":\"https:\\\/\\\/finger.ind.br\\\/es\\\/blog\\\/cores-para-quarto-de-bebe\\\/\",\"url\":\"https:\\\/\\\/finger.ind.br\\\/es\\\/blog\\\/cores-para-quarto-de-bebe\\\/\",\"name\":\"Cores para quarto de beb\u00ea: entenda o impacto que elas t\u00eam\",\"isPartOf\":{\"@id\":\"https:\\\/\\\/finger.ind.br\\\/es\\\/2025\\\/#website\"},\"primaryImageOfPage\":{\"@id\":\"https:\\\/\\\/finger.ind.br\\\/es\\\/blog\\\/cores-para-quarto-de-bebe\\\/#primaryimage\"},\"image\":{\"@id\":\"https:\\\/\\\/finger.ind.br\\\/es\\\/blog\\\/cores-para-quarto-de-bebe\\\/#primaryimage\"},\"thumbnailUrl\":\"https:\\\/\\\/finger.ind.br\\\/wp-content\\\/uploads\\\/2019\\\/10\\\/original-6124fae744718a8383a2f5c0c9aa7912.jpg\",\"datePublished\":\"2019-10-09T16:19:31+00:00\",\"dateModified\":\"2026-04-16T18:14:48+00:00\",\"author\":{\"@id\":\"https:\\\/\\\/finger.ind.br\\\/es\\\/2025\\\/#\\\/schema\\\/person\\\/6ca7a719a8a45ba912f75f5ce4acf3c9\"},\"description\":\"Quer saber mais sobre os impactos das cores na vida do beb\u00ea e qual \u00e9 o significado que cada um carrega? Continue acompanhando e saiba mais!\",\"breadcrumb\":{\"@id\":\"https:\\\/\\\/finger.ind.br\\\/es\\\/blog\\\/cores-para-quarto-de-bebe\\\/#breadcrumb\"},\"inLanguage\":\"es\",\"potentialAction\":[{\"@type\":\"ReadAction\",\"target\":[\"https:\\\/\\\/finger.ind.br\\\/es\\\/blog\\\/cores-para-quarto-de-bebe\\\/\"]}]},{\"@type\":\"ImageObject\",\"inLanguage\":\"es\",\"@id\":\"https:\\\/\\\/finger.ind.br\\\/es\\\/blog\\\/cores-para-quarto-de-bebe\\\/#primaryimage\",\"url\":\"https:\\\/\\\/finger.ind.br\\\/wp-content\\\/uploads\\\/2019\\\/10\\\/original-6124fae744718a8383a2f5c0c9aa7912.jpg\",\"contentUrl\":\"https:\\\/\\\/finger.ind.br\\\/wp-content\\\/uploads\\\/2019\\\/10\\\/original-6124fae744718a8383a2f5c0c9aa7912.jpg\",\"width\":2121,\"height\":1414,\"caption\":\"cores-para-quarto-de-bebe\"},{\"@type\":\"BreadcrumbList\",\"@id\":\"https:\\\/\\\/finger.ind.br\\\/es\\\/blog\\\/cores-para-quarto-de-bebe\\\/#breadcrumb\",\"itemListElement\":[{\"@type\":\"ListItem\",\"position\":1,\"name\":\"In\u00edcio\",\"item\":\"https:\\\/\\\/finger.ind.br\\\/es\\\/\"},{\"@type\":\"ListItem\",\"position\":2,\"name\":\"Cores para quarto de beb\u00ea: entenda o impacto que elas t\u00eam\"}]},{\"@type\":\"WebSite\",\"@id\":\"https:\\\/\\\/finger.ind.br\\\/es\\\/2025\\\/#website\",\"url\":\"https:\\\/\\\/finger.ind.br\\\/es\\\/2025\\\/\",\"name\":\"Finger M\u00f3veis Planejados\",\"description\":\"A precis\u00e3o alem\u00e3 com o melhor do design.\",\"potentialAction\":[{\"@type\":\"SearchAction\",\"target\":{\"@type\":\"EntryPoint\",\"urlTemplate\":\"https:\\\/\\\/finger.ind.br\\\/es\\\/2025\\\/?s={search_term_string}\"},\"query-input\":{\"@type\":\"PropertyValueSpecification\",\"valueRequired\":true,\"valueName\":\"search_term_string\"}}],\"inLanguage\":\"es\"},{\"@type\":\"Person\",\"@id\":\"https:\\\/\\\/finger.ind.br\\\/es\\\/2025\\\/#\\\/schema\\\/person\\\/6ca7a719a8a45ba912f75f5ce4acf3c9\",\"name\":\"Equipe de Marketing da Finger\",\"image\":{\"@type\":\"ImageObject\",\"inLanguage\":\"es\",\"@id\":\"https:\\\/\\\/finger.ind.br\\\/wp-content\\\/litespeed\\\/avatar\\\/724111d71aec247dc75acfb8e55131f5.jpg?ver=1776865084\",\"url\":\"https:\\\/\\\/finger.ind.br\\\/wp-content\\\/litespeed\\\/avatar\\\/724111d71aec247dc75acfb8e55131f5.jpg?ver=1776865084\",\"contentUrl\":\"https:\\\/\\\/finger.ind.br\\\/wp-content\\\/litespeed\\\/avatar\\\/724111d71aec247dc75acfb8e55131f5.jpg?ver=1776865084\",\"caption\":\"Equipe de Marketing da Finger\"},\"sameAs\":[\"http:\\\/\\\/agenciaupside.com\"],\"url\":\"https:\\\/\\\/finger.ind.br\\\/es\\\/blog\\\/author\\\/suporte\\\/\"}]}<\/script>\n<!-- \/ Yoast SEO plugin. -->","yoast_head_json":{"title":"Cores para quarto de beb\u00ea: entenda o impacto que elas t\u00eam","description":"Quer saber mais sobre os impactos das cores na vida do beb\u00ea e qual \u00e9 o significado que cada um carrega? Continue acompanhando e saiba mais!","robots":{"index":"index","follow":"follow","max-snippet":"max-snippet:-1","max-image-preview":"max-image-preview:large","max-video-preview":"max-video-preview:-1"},"canonical":"https:\/\/finger.ind.br\/es\/blog\/cores-para-quarto-de-bebe\/","og_locale":"es_ES","og_type":"article","og_title":"Cores para quarto de beb\u00ea: entenda o impacto que elas t\u00eam","og_description":"Quer saber mais sobre os impactos das cores na vida do beb\u00ea e qual \u00e9 o significado que cada um carrega? Continue acompanhando e saiba mais!","og_url":"https:\/\/finger.ind.br\/es\/blog\/cores-para-quarto-de-bebe\/","og_site_name":"Finger M\u00f3veis Planejados","article_published_time":"2019-10-09T16:19:31+00:00","article_modified_time":"2026-04-16T18:14:48+00:00","og_image":[{"width":2121,"height":1414,"url":"https:\/\/finger.ind.br\/wp-content\/uploads\/2019\/10\/original-6124fae744718a8383a2f5c0c9aa7912.jpg","type":"image\/jpeg"}],"author":"Equipe de Marketing da Finger","twitter_card":"summary_large_image","twitter_misc":{"Escrito por":"Equipe de Marketing da Finger","Tiempo de lectura":"12 minutos"},"schema":{"@context":"https:\/\/schema.org","@graph":[{"@type":"Article","@id":"https:\/\/finger.ind.br\/es\/blog\/cores-para-quarto-de-bebe\/#article","isPartOf":{"@id":"https:\/\/finger.ind.br\/es\/blog\/cores-para-quarto-de-bebe\/"},"author":{"name":"Equipe de Marketing da Finger","@id":"https:\/\/finger.ind.br\/es\/2025\/#\/schema\/person\/6ca7a719a8a45ba912f75f5ce4acf3c9"},"headline":"Cores para quarto de beb\u00ea: entenda o impacto que elas t\u00eam","datePublished":"2019-10-09T16:19:31+00:00","dateModified":"2026-04-16T18:14:48+00:00","mainEntityOfPage":{"@id":"https:\/\/finger.ind.br\/es\/blog\/cores-para-quarto-de-bebe\/"},"wordCount":2052,"commentCount":0,"image":{"@id":"https:\/\/finger.ind.br\/es\/blog\/cores-para-quarto-de-bebe\/#primaryimage"},"thumbnailUrl":"https:\/\/finger.ind.br\/wp-content\/uploads\/2019\/10\/original-6124fae744718a8383a2f5c0c9aa7912.jpg","keywords":["baby","bebe","colorfull","colorimetria","cores","cores para quarto infantil","decora\u00e7\u00e3o","design","dicas finger","infantil","inspira\u00e7\u00e3o","kids","life style","moveis personalizados","moveis planejados","m\u00f3veis quarto infantil","poder das cores","quarto de beb\u00ea","quarto infantil","tend\u00eancia","tend\u00eancias"],"articleSection":["Ambientes","Curiosidade","Decora\u00e7\u00e3o","Design","Life Style","Life Style \/ Mindfullness","Tend\u00eancias"],"inLanguage":"es","potentialAction":[{"@type":"CommentAction","name":"Comment","target":["https:\/\/finger.ind.br\/es\/blog\/cores-para-quarto-de-bebe\/#respond"]}]},{"@type":"WebPage","@id":"https:\/\/finger.ind.br\/es\/blog\/cores-para-quarto-de-bebe\/","url":"https:\/\/finger.ind.br\/es\/blog\/cores-para-quarto-de-bebe\/","name":"Cores para quarto de beb\u00ea: entenda o impacto que elas t\u00eam","isPartOf":{"@id":"https:\/\/finger.ind.br\/es\/2025\/#website"},"primaryImageOfPage":{"@id":"https:\/\/finger.ind.br\/es\/blog\/cores-para-quarto-de-bebe\/#primaryimage"},"image":{"@id":"https:\/\/finger.ind.br\/es\/blog\/cores-para-quarto-de-bebe\/#primaryimage"},"thumbnailUrl":"https:\/\/finger.ind.br\/wp-content\/uploads\/2019\/10\/original-6124fae744718a8383a2f5c0c9aa7912.jpg","datePublished":"2019-10-09T16:19:31+00:00","dateModified":"2026-04-16T18:14:48+00:00","author":{"@id":"https:\/\/finger.ind.br\/es\/2025\/#\/schema\/person\/6ca7a719a8a45ba912f75f5ce4acf3c9"},"description":"Quer saber mais sobre os impactos das cores na vida do beb\u00ea e qual \u00e9 o significado que cada um carrega? Continue acompanhando e saiba mais!","breadcrumb":{"@id":"https:\/\/finger.ind.br\/es\/blog\/cores-para-quarto-de-bebe\/#breadcrumb"},"inLanguage":"es","potentialAction":[{"@type":"ReadAction","target":["https:\/\/finger.ind.br\/es\/blog\/cores-para-quarto-de-bebe\/"]}]},{"@type":"ImageObject","inLanguage":"es","@id":"https:\/\/finger.ind.br\/es\/blog\/cores-para-quarto-de-bebe\/#primaryimage","url":"https:\/\/finger.ind.br\/wp-content\/uploads\/2019\/10\/original-6124fae744718a8383a2f5c0c9aa7912.jpg","contentUrl":"https:\/\/finger.ind.br\/wp-content\/uploads\/2019\/10\/original-6124fae744718a8383a2f5c0c9aa7912.jpg","width":2121,"height":1414,"caption":"cores-para-quarto-de-bebe"},{"@type":"BreadcrumbList","@id":"https:\/\/finger.ind.br\/es\/blog\/cores-para-quarto-de-bebe\/#breadcrumb","itemListElement":[{"@type":"ListItem","position":1,"name":"In\u00edcio","item":"https:\/\/finger.ind.br\/es\/"},{"@type":"ListItem","position":2,"name":"Cores para quarto de beb\u00ea: entenda o impacto que elas t\u00eam"}]},{"@type":"WebSite","@id":"https:\/\/finger.ind.br\/es\/2025\/#website","url":"https:\/\/finger.ind.br\/es\/2025\/","name":"Finger M\u00f3veis Planejados","description":"A precis\u00e3o alem\u00e3 com o melhor do design.","potentialAction":[{"@type":"SearchAction","target":{"@type":"EntryPoint","urlTemplate":"https:\/\/finger.ind.br\/es\/2025\/?s={search_term_string}"},"query-input":{"@type":"PropertyValueSpecification","valueRequired":true,"valueName":"search_term_string"}}],"inLanguage":"es"},{"@type":"Person","@id":"https:\/\/finger.ind.br\/es\/2025\/#\/schema\/person\/6ca7a719a8a45ba912f75f5ce4acf3c9","name":"Equipe de Marketing da Finger","image":{"@type":"ImageObject","inLanguage":"es","@id":"https:\/\/finger.ind.br\/wp-content\/litespeed\/avatar\/724111d71aec247dc75acfb8e55131f5.jpg?ver=1776865084","url":"https:\/\/finger.ind.br\/wp-content\/litespeed\/avatar\/724111d71aec247dc75acfb8e55131f5.jpg?ver=1776865084","contentUrl":"https:\/\/finger.ind.br\/wp-content\/litespeed\/avatar\/724111d71aec247dc75acfb8e55131f5.jpg?ver=1776865084","caption":"Equipe de Marketing da Finger"},"sameAs":["http:\/\/agenciaupside.com"],"url":"https:\/\/finger.ind.br\/es\/blog\/author\/suporte\/"}]}},"amp_enabled":true,"_links":{"self":[{"href":"https:\/\/finger.ind.br\/es\/wp-json\/wp\/v2\/posts\/11403","targetHints":{"allow":["GET"]}}],"collection":[{"href":"https:\/\/finger.ind.br\/es\/wp-json\/wp\/v2\/posts"}],"about":[{"href":"https:\/\/finger.ind.br\/es\/wp-json\/wp\/v2\/types\/post"}],"author":[{"embeddable":true,"href":"https:\/\/finger.ind.br\/es\/wp-json\/wp\/v2\/users\/3"}],"replies":[{"embeddable":true,"href":"https:\/\/finger.ind.br\/es\/wp-json\/wp\/v2\/comments?post=11403"}],"version-history":[{"count":3,"href":"https:\/\/finger.ind.br\/es\/wp-json\/wp\/v2\/posts\/11403\/revisions"}],"predecessor-version":[{"id":214498,"href":"https:\/\/finger.ind.br\/es\/wp-json\/wp\/v2\/posts\/11403\/revisions\/214498"}],"wp:featuredmedia":[{"embeddable":true,"href":"https:\/\/finger.ind.br\/es\/wp-json\/wp\/v2\/media\/11404"}],"wp:attachment":[{"href":"https:\/\/finger.ind.br\/es\/wp-json\/wp\/v2\/media?parent=11403"}],"wp:term":[{"taxonomy":"category","embeddable":true,"href":"https:\/\/finger.ind.br\/es\/wp-json\/wp\/v2\/categories?post=11403"},{"taxonomy":"post_tag","embeddable":true,"href":"https:\/\/finger.ind.br\/es\/wp-json\/wp\/v2\/tags?post=11403"}],"curies":[{"name":"wp","href":"https:\/\/api.w.org\/{rel}","templated":true}]}}