{"id":1327,"date":"2017-09-21T09:30:10","date_gmt":"2017-09-21T12:30:10","guid":{"rendered":"https:\/\/finger.ind.br\/?p=1327"},"modified":"2017-09-21T09:30:10","modified_gmt":"2017-09-21T12:30:10","slug":"tendencias-entre-linhas-arredondadas","status":"publish","type":"post","link":"https:\/\/finger.ind.br\/es\/blog\/tendencias-entre-linhas-arredondadas\/","title":{"rendered":"Entre linhas arredondadas"},"content":{"rendered":"<div data-canvas-width=\"652.4757333333334\">Linhas retas s\u00e3o capazes de deixar o ambiente s\u00e9rio e formal. Quando colocamos algumas curvas<\/div>\n<div data-canvas-width=\"658.8245333333334\">no projeto, j\u00e1 o sentimos muito mais leve e fluido. Estamos adaptados a compreender esse tipo de<\/div>\n<div data-canvas-width=\"655.9914666666666\">linha como algo agrad\u00e1vel, pois \u00e9 assim na natureza: as formas sinuosas s\u00e3o presentes nas folhas,<\/div>\n<div data-canvas-width=\"310.18666666666667\">flores, ondas do mar e at\u00e9 mesmo nas nuvens.<\/div>\n<div data-canvas-width=\"310.18666666666667\">\n<div id=\"attachment_1328\" style=\"width: 1514px\" class=\"wp-caption alignnone\"><img loading=\"lazy\" decoding=\"async\" aria-describedby=\"caption-attachment-1328\" class=\"wp-image-1328 size-full\" src=\"https:\/\/finger.ind.br\/wp-content\/uploads\/2017\/09\/REFRESHER-019-Edi\u00e7\u00e3o-set-2017-Tend\u00eancia-Linhas-Arredondadas-Cozinha.jpg\" alt=\"\" width=\"1504\" height=\"716\" \/><p id=\"caption-attachment-1328\" class=\"wp-caption-text\">Cozinha<\/p><\/div>\n<p><span style=\"font-weight: 400;\">Essa tend\u00eancia foi utilizada de v\u00e1rias formas no projeto da cozinha. Nos m\u00f3veis, a Linha Kurve foi a escolhida para dar destaque \u00e0s curvas da estante, e o tom escuro do padr\u00e3o Land ajudou a trazer personalidade. Os modelos da coifa e da mesa tamb\u00e9m foram definidos com a ideia de compor um ambiente mais sutil.\u00a0<\/span><\/p>\n<\/div>\n<div id=\"attachment_1329\" style=\"width: 1514px\" class=\"wp-caption alignnone\"><img loading=\"lazy\" decoding=\"async\" aria-describedby=\"caption-attachment-1329\" class=\"wp-image-1329 size-full\" src=\"https:\/\/finger.ind.br\/wp-content\/uploads\/2017\/09\/REFRESHER-019-Edi\u00e7\u00e3o-set-2017-Tend\u00eancia-Linhas-Arredondadas-Home-Theater.jpg\" alt=\"\" width=\"1504\" height=\"716\" \/><p id=\"caption-attachment-1329\" class=\"wp-caption-text\">Home Theater<\/p><\/div>\n<p><span style=\"font-weight: 400;\">O projeto deste home theater se destaca por seu estilo. Desde a decora\u00e7\u00e3o at\u00e9 os m\u00f3veis, tudo foi devidamente escolhido de acordo com a tend\u00eancia das linhas arredondadas. Os Pain\u00e9is Kurve trouxeram leveza, e os padr\u00f5es mais neutros Metall, Dolomit e Essenz completaram esse ambiente.<\/span><\/p>\n<div id=\"attachment_1330\" style=\"width: 1514px\" class=\"wp-caption alignnone\"><img loading=\"lazy\" decoding=\"async\" aria-describedby=\"caption-attachment-1330\" class=\"size-full wp-image-1330\" src=\"https:\/\/finger.ind.br\/wp-content\/uploads\/2017\/09\/REFRESHER-019-Edi\u00e7\u00e3o-set-2017-Tend\u00eancia-Linhas-Arredondadas-Office.jpg\" alt=\"\" width=\"1504\" height=\"716\" \/><p id=\"caption-attachment-1330\" class=\"wp-caption-text\">Office<\/p><\/div>\n<p><span style=\"font-weight: 400;\">Para o office, um clima mais descontra\u00eddo foi criado. Com uma estante bem destacada criada com os Pain\u00e9is Kurve no padr\u00e3o Tuchi, o restante do ambiente foi pensado em tons mais leves, como o do padr\u00e3o Basalt. Seguindo a tend\u00eancia, as cadeiras e o tapete tamb\u00e9m foram escolhidos com desenhos mais arredondados. <\/span><\/p>\n<div id=\"attachment_1331\" style=\"width: 1878px\" class=\"wp-caption alignnone\"><img loading=\"lazy\" decoding=\"async\" aria-describedby=\"caption-attachment-1331\" class=\"size-full wp-image-1331\" src=\"https:\/\/finger.ind.br\/wp-content\/uploads\/2017\/09\/REFRESHER-019-Edi\u00e7\u00e3o-set-2017-Tend\u00eancia-Linhas-Arredondadas-Dormit\u00f3rio.jpg\" alt=\"\" width=\"1868\" height=\"872\" \/><p id=\"caption-attachment-1331\" class=\"wp-caption-text\">Dormit\u00f3rio<\/p><\/div>\n<p><span style=\"font-weight: 400;\">O dormit\u00f3rio foi projetado para dar destaque \u00e0s curvas. Na parede acima da cama, os Pain\u00e9is Kurve em profundidades diferentes criaram uma cabeceira super harmoniosa. A cama feita com o Painel Stark trouxe impon\u00eancia ao ambiente, e combinou com o restante dos m\u00f3veis no padr\u00e3o Land.<\/span><\/p>\n<div id=\"attachment_1332\" style=\"width: 1514px\" class=\"wp-caption alignnone\"><img loading=\"lazy\" decoding=\"async\" aria-describedby=\"caption-attachment-1332\" class=\"size-full wp-image-1332\" src=\"https:\/\/finger.ind.br\/wp-content\/uploads\/2017\/09\/REFRESHER-019-Edi\u00e7\u00e3o-set-2017-Tend\u00eancia-Linhas-Arredondadas-Dormit\u00f3rio-Kids.jpg\" alt=\"\" width=\"1504\" height=\"716\" \/><p id=\"caption-attachment-1332\" class=\"wp-caption-text\">Dormit\u00f3rio Kids<\/p><\/div>\n<p><span style=\"font-weight: 400;\">No dormit\u00f3rio kids, a ideia foi utilizar a tend\u00eancia de um jeito super despojado. O Painel Kurve na parede serviu como cabeceira e tamb\u00e9m como revestimento decorativo. Os puxadores tamb\u00e9m seguiram a tend\u00eancia e fizeram com que o ambiente ficasse muito charmoso, e o padr\u00e3o Rose trouxe um toque de cor.<\/span><\/p>\n<div id=\"attachment_1333\" style=\"width: 1514px\" class=\"wp-caption alignnone\"><img loading=\"lazy\" decoding=\"async\" aria-describedby=\"caption-attachment-1333\" class=\"size-full wp-image-1333\" src=\"https:\/\/finger.ind.br\/wp-content\/uploads\/2017\/09\/REFRESHER-019-Edi\u00e7\u00e3o-set-2017-Tend\u00eancia-Linhas-Arredondadas-Banheiro.jpg\" alt=\"\" width=\"1504\" height=\"716\" \/><p id=\"caption-attachment-1333\" class=\"wp-caption-text\">Banheiro<\/p><\/div>\n<p><span style=\"font-weight: 400;\">Do espelho aos pendentes: tudo foi escolhido para seguir a tend\u00eancia das linhas arredondadas. O padr\u00e3o Faser foi utilizado para compor um projeto mais neutro. Os Pain\u00e9is Kurve na vertical e os acess\u00f3rios na cor dourada deixaram o ambiente super atual!<\/span><\/p>\n<p>Fonte: Refresher<\/p>\n","protected":false},"excerpt":{"rendered":"<p>Linhas retas s\u00e3o capazes de deixar o ambiente s\u00e9rio e formal. Quando colocamos algumas curvas no projeto, j\u00e1 o sentimos muito mais leve e fluido. Estamos adaptados a compreender esse tipo de linha como algo agrad\u00e1vel, pois \u00e9 assim na natureza: as formas sinuosas s\u00e3o presentes nas folhas, flores, ondas do mar e at\u00e9 mesmo [&hellip;]<\/p>\n","protected":false},"author":1,"featured_media":1331,"comment_status":"open","ping_status":"closed","sticky":false,"template":"","format":"standard","meta":{"_acf_changed":false,"footnotes":""},"categories":[81,57],"tags":[],"class_list":["post-1327","post","type-post","status-publish","format-standard","has-post-thumbnail","hentry","category-finger-magazin","category-tendencias"],"acf":[],"yoast_head":"<!-- This site is optimized with the Yoast SEO plugin v27.4 - https:\/\/yoast.com\/product\/yoast-seo-wordpress\/ -->\n<title>Entre linhas arredondadas - Finger M\u00f3veis Planejados<\/title>\n<meta name=\"description\" content=\"Linhas retas s\u00e3o capazes de deixar o ambiente s\u00e9rio e formal. Quando colocamos algumas curvas no projeto, j\u00e1 o sentimos muito mais leve e fluido. Veja mais!\" \/>\n<meta name=\"robots\" content=\"index, follow, max-snippet:-1, max-image-preview:large, max-video-preview:-1\" \/>\n<link rel=\"canonical\" href=\"https:\/\/finger.ind.br\/es\/blog\/tendencias-entre-linhas-arredondadas\/\" \/>\n<meta property=\"og:locale\" content=\"es_ES\" \/>\n<meta property=\"og:type\" content=\"article\" \/>\n<meta property=\"og:title\" content=\"Entre linhas arredondadas\" \/>\n<meta property=\"og:description\" content=\"Linhas retas s\u00e3o capazes de deixar o ambiente s\u00e9rio e formal. Quando colocamos algumas curvas no projeto, j\u00e1 o sentimos muito mais leve e fluido. Veja mais!\" \/>\n<meta property=\"og:url\" content=\"https:\/\/finger.ind.br\/es\/blog\/tendencias-entre-linhas-arredondadas\/\" \/>\n<meta property=\"og:site_name\" content=\"Finger M\u00f3veis Planejados\" \/>\n<meta property=\"article:published_time\" content=\"2017-09-21T12:30:10+00:00\" \/>\n<meta name=\"author\" content=\"Equipe de Marketing da Finger\" \/>\n<meta name=\"twitter:card\" content=\"summary_large_image\" \/>\n<meta name=\"twitter:description\" content=\"Linhas retas s\u00e3o capazes de deixar o ambiente s\u00e9rio e formal. Quando colocamos algumas curvas no projeto, j\u00e1 o sentimos muito mais leve e fluido. Confira!\" \/>\n<meta name=\"twitter:image\" content=\"https:\/\/finger.ind.br\/wp-content\/uploads\/2017\/09\/refresher-019-edicao-set-2017-tendencia-linhas-arredondadas-dormitorio.jpg\" \/>\n<meta name=\"twitter:label1\" content=\"Escrito por\" \/>\n\t<meta name=\"twitter:data1\" content=\"Equipe de Marketing da Finger\" \/>\n\t<meta name=\"twitter:label2\" content=\"Tiempo de lectura\" \/>\n\t<meta name=\"twitter:data2\" content=\"2 minutos\" \/>\n<script type=\"application\/ld+json\" class=\"yoast-schema-graph\">{\"@context\":\"https:\\\/\\\/schema.org\",\"@graph\":[{\"@type\":\"Article\",\"@id\":\"https:\\\/\\\/finger.ind.br\\\/es\\\/blog\\\/tendencias-entre-linhas-arredondadas\\\/#article\",\"isPartOf\":{\"@id\":\"https:\\\/\\\/finger.ind.br\\\/es\\\/blog\\\/tendencias-entre-linhas-arredondadas\\\/\"},\"author\":{\"name\":\"Equipe de Marketing da Finger\",\"@id\":\"https:\\\/\\\/finger.ind.br\\\/es\\\/2025\\\/#\\\/schema\\\/person\\\/b0dadd3d47e35e2466e3879f929496a7\"},\"headline\":\"Entre linhas arredondadas\",\"datePublished\":\"2017-09-21T12:30:10+00:00\",\"mainEntityOfPage\":{\"@id\":\"https:\\\/\\\/finger.ind.br\\\/es\\\/blog\\\/tendencias-entre-linhas-arredondadas\\\/\"},\"wordCount\":439,\"commentCount\":0,\"image\":{\"@id\":\"https:\\\/\\\/finger.ind.br\\\/es\\\/blog\\\/tendencias-entre-linhas-arredondadas\\\/#primaryimage\"},\"thumbnailUrl\":\"https:\\\/\\\/finger.ind.br\\\/wp-content\\\/uploads\\\/2017\\\/09\\\/refresher-019-edicao-set-2017-tendencia-linhas-arredondadas-dormitorio.jpg\",\"articleSection\":[\"Finger Magazin\",\"Tend\u00eancias\"],\"inLanguage\":\"es\",\"potentialAction\":[{\"@type\":\"CommentAction\",\"name\":\"Comment\",\"target\":[\"https:\\\/\\\/finger.ind.br\\\/es\\\/blog\\\/tendencias-entre-linhas-arredondadas\\\/#respond\"]}]},{\"@type\":\"WebPage\",\"@id\":\"https:\\\/\\\/finger.ind.br\\\/es\\\/blog\\\/tendencias-entre-linhas-arredondadas\\\/\",\"url\":\"https:\\\/\\\/finger.ind.br\\\/es\\\/blog\\\/tendencias-entre-linhas-arredondadas\\\/\",\"name\":\"Entre linhas arredondadas - Finger M\u00f3veis Planejados\",\"isPartOf\":{\"@id\":\"https:\\\/\\\/finger.ind.br\\\/es\\\/2025\\\/#website\"},\"primaryImageOfPage\":{\"@id\":\"https:\\\/\\\/finger.ind.br\\\/es\\\/blog\\\/tendencias-entre-linhas-arredondadas\\\/#primaryimage\"},\"image\":{\"@id\":\"https:\\\/\\\/finger.ind.br\\\/es\\\/blog\\\/tendencias-entre-linhas-arredondadas\\\/#primaryimage\"},\"thumbnailUrl\":\"https:\\\/\\\/finger.ind.br\\\/wp-content\\\/uploads\\\/2017\\\/09\\\/refresher-019-edicao-set-2017-tendencia-linhas-arredondadas-dormitorio.jpg\",\"datePublished\":\"2017-09-21T12:30:10+00:00\",\"author\":{\"@id\":\"https:\\\/\\\/finger.ind.br\\\/es\\\/2025\\\/#\\\/schema\\\/person\\\/b0dadd3d47e35e2466e3879f929496a7\"},\"description\":\"Linhas retas s\u00e3o capazes de deixar o ambiente s\u00e9rio e formal. Quando colocamos algumas curvas no projeto, j\u00e1 o sentimos muito mais leve e fluido. Veja mais!\",\"breadcrumb\":{\"@id\":\"https:\\\/\\\/finger.ind.br\\\/es\\\/blog\\\/tendencias-entre-linhas-arredondadas\\\/#breadcrumb\"},\"inLanguage\":\"es\",\"potentialAction\":[{\"@type\":\"ReadAction\",\"target\":[\"https:\\\/\\\/finger.ind.br\\\/es\\\/blog\\\/tendencias-entre-linhas-arredondadas\\\/\"]}]},{\"@type\":\"ImageObject\",\"inLanguage\":\"es\",\"@id\":\"https:\\\/\\\/finger.ind.br\\\/es\\\/blog\\\/tendencias-entre-linhas-arredondadas\\\/#primaryimage\",\"url\":\"https:\\\/\\\/finger.ind.br\\\/wp-content\\\/uploads\\\/2017\\\/09\\\/refresher-019-edicao-set-2017-tendencia-linhas-arredondadas-dormitorio.jpg\",\"contentUrl\":\"https:\\\/\\\/finger.ind.br\\\/wp-content\\\/uploads\\\/2017\\\/09\\\/refresher-019-edicao-set-2017-tendencia-linhas-arredondadas-dormitorio.jpg\",\"width\":1868,\"height\":872,\"caption\":\"Dormit\u00f3rio\"},{\"@type\":\"BreadcrumbList\",\"@id\":\"https:\\\/\\\/finger.ind.br\\\/es\\\/blog\\\/tendencias-entre-linhas-arredondadas\\\/#breadcrumb\",\"itemListElement\":[{\"@type\":\"ListItem\",\"position\":1,\"name\":\"In\u00edcio\",\"item\":\"https:\\\/\\\/finger.ind.br\\\/es\\\/\"},{\"@type\":\"ListItem\",\"position\":2,\"name\":\"Entre linhas arredondadas\"}]},{\"@type\":\"WebSite\",\"@id\":\"https:\\\/\\\/finger.ind.br\\\/es\\\/2025\\\/#website\",\"url\":\"https:\\\/\\\/finger.ind.br\\\/es\\\/2025\\\/\",\"name\":\"Finger M\u00f3veis Planejados\",\"description\":\"A precis\u00e3o alem\u00e3 com o melhor do design.\",\"potentialAction\":[{\"@type\":\"SearchAction\",\"target\":{\"@type\":\"EntryPoint\",\"urlTemplate\":\"https:\\\/\\\/finger.ind.br\\\/es\\\/2025\\\/?s={search_term_string}\"},\"query-input\":{\"@type\":\"PropertyValueSpecification\",\"valueRequired\":true,\"valueName\":\"search_term_string\"}}],\"inLanguage\":\"es\"},{\"@type\":\"Person\",\"@id\":\"https:\\\/\\\/finger.ind.br\\\/es\\\/2025\\\/#\\\/schema\\\/person\\\/b0dadd3d47e35e2466e3879f929496a7\",\"name\":\"Equipe de Marketing da Finger\",\"image\":{\"@type\":\"ImageObject\",\"inLanguage\":\"es\",\"@id\":\"https:\\\/\\\/finger.ind.br\\\/wp-content\\\/litespeed\\\/avatar\\\/9251eb63f7c9629dc8bff91afa5d75e9.jpg?ver=1776866419\",\"url\":\"https:\\\/\\\/finger.ind.br\\\/wp-content\\\/litespeed\\\/avatar\\\/9251eb63f7c9629dc8bff91afa5d75e9.jpg?ver=1776866419\",\"contentUrl\":\"https:\\\/\\\/finger.ind.br\\\/wp-content\\\/litespeed\\\/avatar\\\/9251eb63f7c9629dc8bff91afa5d75e9.jpg?ver=1776866419\",\"caption\":\"Equipe de Marketing da Finger\"},\"url\":\"https:\\\/\\\/finger.ind.br\\\/es\\\/blog\\\/author\\\/upside\\\/\"}]}<\/script>\n<!-- \/ Yoast SEO plugin. -->","yoast_head_json":{"title":"Entre linhas arredondadas - Finger M\u00f3veis Planejados","description":"Linhas retas s\u00e3o capazes de deixar o ambiente s\u00e9rio e formal. Quando colocamos algumas curvas no projeto, j\u00e1 o sentimos muito mais leve e fluido. Veja mais!","robots":{"index":"index","follow":"follow","max-snippet":"max-snippet:-1","max-image-preview":"max-image-preview:large","max-video-preview":"max-video-preview:-1"},"canonical":"https:\/\/finger.ind.br\/es\/blog\/tendencias-entre-linhas-arredondadas\/","og_locale":"es_ES","og_type":"article","og_title":"Entre linhas arredondadas","og_description":"Linhas retas s\u00e3o capazes de deixar o ambiente s\u00e9rio e formal. Quando colocamos algumas curvas no projeto, j\u00e1 o sentimos muito mais leve e fluido. Veja mais!","og_url":"https:\/\/finger.ind.br\/es\/blog\/tendencias-entre-linhas-arredondadas\/","og_site_name":"Finger M\u00f3veis Planejados","article_published_time":"2017-09-21T12:30:10+00:00","author":"Equipe de Marketing da Finger","twitter_card":"summary_large_image","twitter_description":"Linhas retas s\u00e3o capazes de deixar o ambiente s\u00e9rio e formal. Quando colocamos algumas curvas no projeto, j\u00e1 o sentimos muito mais leve e fluido. Confira!","twitter_image":"https:\/\/finger.ind.br\/wp-content\/uploads\/2017\/09\/refresher-019-edicao-set-2017-tendencia-linhas-arredondadas-dormitorio.jpg","twitter_misc":{"Escrito por":"Equipe de Marketing da Finger","Tiempo de lectura":"2 minutos"},"schema":{"@context":"https:\/\/schema.org","@graph":[{"@type":"Article","@id":"https:\/\/finger.ind.br\/es\/blog\/tendencias-entre-linhas-arredondadas\/#article","isPartOf":{"@id":"https:\/\/finger.ind.br\/es\/blog\/tendencias-entre-linhas-arredondadas\/"},"author":{"name":"Equipe de Marketing da Finger","@id":"https:\/\/finger.ind.br\/es\/2025\/#\/schema\/person\/b0dadd3d47e35e2466e3879f929496a7"},"headline":"Entre linhas arredondadas","datePublished":"2017-09-21T12:30:10+00:00","mainEntityOfPage":{"@id":"https:\/\/finger.ind.br\/es\/blog\/tendencias-entre-linhas-arredondadas\/"},"wordCount":439,"commentCount":0,"image":{"@id":"https:\/\/finger.ind.br\/es\/blog\/tendencias-entre-linhas-arredondadas\/#primaryimage"},"thumbnailUrl":"https:\/\/finger.ind.br\/wp-content\/uploads\/2017\/09\/refresher-019-edicao-set-2017-tendencia-linhas-arredondadas-dormitorio.jpg","articleSection":["Finger Magazin","Tend\u00eancias"],"inLanguage":"es","potentialAction":[{"@type":"CommentAction","name":"Comment","target":["https:\/\/finger.ind.br\/es\/blog\/tendencias-entre-linhas-arredondadas\/#respond"]}]},{"@type":"WebPage","@id":"https:\/\/finger.ind.br\/es\/blog\/tendencias-entre-linhas-arredondadas\/","url":"https:\/\/finger.ind.br\/es\/blog\/tendencias-entre-linhas-arredondadas\/","name":"Entre linhas arredondadas - Finger M\u00f3veis Planejados","isPartOf":{"@id":"https:\/\/finger.ind.br\/es\/2025\/#website"},"primaryImageOfPage":{"@id":"https:\/\/finger.ind.br\/es\/blog\/tendencias-entre-linhas-arredondadas\/#primaryimage"},"image":{"@id":"https:\/\/finger.ind.br\/es\/blog\/tendencias-entre-linhas-arredondadas\/#primaryimage"},"thumbnailUrl":"https:\/\/finger.ind.br\/wp-content\/uploads\/2017\/09\/refresher-019-edicao-set-2017-tendencia-linhas-arredondadas-dormitorio.jpg","datePublished":"2017-09-21T12:30:10+00:00","author":{"@id":"https:\/\/finger.ind.br\/es\/2025\/#\/schema\/person\/b0dadd3d47e35e2466e3879f929496a7"},"description":"Linhas retas s\u00e3o capazes de deixar o ambiente s\u00e9rio e formal. Quando colocamos algumas curvas no projeto, j\u00e1 o sentimos muito mais leve e fluido. Veja mais!","breadcrumb":{"@id":"https:\/\/finger.ind.br\/es\/blog\/tendencias-entre-linhas-arredondadas\/#breadcrumb"},"inLanguage":"es","potentialAction":[{"@type":"ReadAction","target":["https:\/\/finger.ind.br\/es\/blog\/tendencias-entre-linhas-arredondadas\/"]}]},{"@type":"ImageObject","inLanguage":"es","@id":"https:\/\/finger.ind.br\/es\/blog\/tendencias-entre-linhas-arredondadas\/#primaryimage","url":"https:\/\/finger.ind.br\/wp-content\/uploads\/2017\/09\/refresher-019-edicao-set-2017-tendencia-linhas-arredondadas-dormitorio.jpg","contentUrl":"https:\/\/finger.ind.br\/wp-content\/uploads\/2017\/09\/refresher-019-edicao-set-2017-tendencia-linhas-arredondadas-dormitorio.jpg","width":1868,"height":872,"caption":"Dormit\u00f3rio"},{"@type":"BreadcrumbList","@id":"https:\/\/finger.ind.br\/es\/blog\/tendencias-entre-linhas-arredondadas\/#breadcrumb","itemListElement":[{"@type":"ListItem","position":1,"name":"In\u00edcio","item":"https:\/\/finger.ind.br\/es\/"},{"@type":"ListItem","position":2,"name":"Entre linhas arredondadas"}]},{"@type":"WebSite","@id":"https:\/\/finger.ind.br\/es\/2025\/#website","url":"https:\/\/finger.ind.br\/es\/2025\/","name":"Finger M\u00f3veis Planejados","description":"A precis\u00e3o alem\u00e3 com o melhor do design.","potentialAction":[{"@type":"SearchAction","target":{"@type":"EntryPoint","urlTemplate":"https:\/\/finger.ind.br\/es\/2025\/?s={search_term_string}"},"query-input":{"@type":"PropertyValueSpecification","valueRequired":true,"valueName":"search_term_string"}}],"inLanguage":"es"},{"@type":"Person","@id":"https:\/\/finger.ind.br\/es\/2025\/#\/schema\/person\/b0dadd3d47e35e2466e3879f929496a7","name":"Equipe de Marketing da Finger","image":{"@type":"ImageObject","inLanguage":"es","@id":"https:\/\/finger.ind.br\/wp-content\/litespeed\/avatar\/9251eb63f7c9629dc8bff91afa5d75e9.jpg?ver=1776866419","url":"https:\/\/finger.ind.br\/wp-content\/litespeed\/avatar\/9251eb63f7c9629dc8bff91afa5d75e9.jpg?ver=1776866419","contentUrl":"https:\/\/finger.ind.br\/wp-content\/litespeed\/avatar\/9251eb63f7c9629dc8bff91afa5d75e9.jpg?ver=1776866419","caption":"Equipe de Marketing da Finger"},"url":"https:\/\/finger.ind.br\/es\/blog\/author\/upside\/"}]}},"amp_enabled":true,"_links":{"self":[{"href":"https:\/\/finger.ind.br\/es\/wp-json\/wp\/v2\/posts\/1327","targetHints":{"allow":["GET"]}}],"collection":[{"href":"https:\/\/finger.ind.br\/es\/wp-json\/wp\/v2\/posts"}],"about":[{"href":"https:\/\/finger.ind.br\/es\/wp-json\/wp\/v2\/types\/post"}],"author":[{"embeddable":true,"href":"https:\/\/finger.ind.br\/es\/wp-json\/wp\/v2\/users\/1"}],"replies":[{"embeddable":true,"href":"https:\/\/finger.ind.br\/es\/wp-json\/wp\/v2\/comments?post=1327"}],"version-history":[{"count":0,"href":"https:\/\/finger.ind.br\/es\/wp-json\/wp\/v2\/posts\/1327\/revisions"}],"wp:featuredmedia":[{"embeddable":true,"href":"https:\/\/finger.ind.br\/es\/wp-json\/wp\/v2\/media\/1331"}],"wp:attachment":[{"href":"https:\/\/finger.ind.br\/es\/wp-json\/wp\/v2\/media?parent=1327"}],"wp:term":[{"taxonomy":"category","embeddable":true,"href":"https:\/\/finger.ind.br\/es\/wp-json\/wp\/v2\/categories?post=1327"},{"taxonomy":"post_tag","embeddable":true,"href":"https:\/\/finger.ind.br\/es\/wp-json\/wp\/v2\/tags?post=1327"}],"curies":[{"name":"wp","href":"https:\/\/api.w.org\/{rel}","templated":true}]}}