{"id":1798,"date":"2018-05-04T11:47:08","date_gmt":"2018-05-04T14:47:08","guid":{"rendered":"https:\/\/finger.ind.br\/?p=1798"},"modified":"2018-05-04T11:47:08","modified_gmt":"2018-05-04T14:47:08","slug":"parlamento","status":"publish","type":"post","link":"https:\/\/finger.ind.br\/es\/blog\/parlamento\/","title":{"rendered":"O PARLAMENTO ALEM\u00c3O, O REICHSTAG"},"content":{"rendered":"<div id=\"attachment_1802\" style=\"width: 710px\" class=\"wp-caption alignnone\"><img loading=\"lazy\" decoding=\"async\" aria-describedby=\"caption-attachment-1802\" class=\"wp-image-1802 size-full\" src=\"https:\/\/finger.ind.br\/wp-content\/uploads\/2018\/05\/reichstag_aus.jpg\" alt=\"\" width=\"700\" height=\"263\" srcset=\"https:\/\/finger.ind.br\/wp-content\/uploads\/2018\/05\/reichstag_aus.jpg 700w, https:\/\/finger.ind.br\/wp-content\/uploads\/2018\/05\/reichstag_aus-300x113.jpg 300w\" sizes=\"(max-width: 700px) 100vw, 700px\" \/><p id=\"caption-attachment-1802\" class=\"wp-caption-text\">VISTA DO PARLAMENTO ALEM\u00c3O<\/p><\/div>\n<p>O Parlamento Alem\u00e3o, o Reichstag, registra uma exist\u00eancia de extrema turbul\u00eancia marcada por trag\u00e9dias e sucessivas reconstru\u00e7\u00f5es. Marco vivo da hist\u00f3ria suscita quest\u00f5es no universo da arquitetura, onde a premissa de preservar as lembran\u00e7as e significados \u2013 muitas vezes n\u00e3o positivos \u2013 passa cumprir uma fun\u00e7\u00e3o de alerta para as futuras gera\u00e7\u00f5es.<\/p>\n<p>Dono de uma hist\u00f3ria exuberante tem seu in\u00edcio com o Kaiser Guilherme I, em 1884, cuja conclus\u00e3o da constru\u00e7\u00e3o ocorreu\u00a0apenas dez anos ap\u00f3s, em 1894.<\/p>\n<p>Guilherme II, sucessor de Guilherme I, detestou o resultado final do pr\u00e9dio, em especial sua c\u00fapula que jugava ser de<strong>\u00a0<\/strong>extremo mau gosto\u00a0e chegou at\u00e9 mesmo a apelidar o edif\u00edcio como \u201cCasa de Macacos Imperial\u201d. Seu desgosto com a obra foi t\u00e3o grande que o pr\u00e9dio passou a ser usado como sede do Parlamento apenas em 1916.<\/p>\n<div id=\"attachment_1799\" style=\"width: 1034px\" class=\"wp-caption aligncenter\"><img loading=\"lazy\" decoding=\"async\" aria-describedby=\"caption-attachment-1799\" class=\"wp-image-1799 size-full\" src=\"https:\/\/finger.ind.br\/wp-content\/uploads\/2018\/05\/ix.jpg\" alt=\"\" width=\"1024\" height=\"765\" \/><p id=\"caption-attachment-1799\" class=\"wp-caption-text\">GRAVURA DO REICHSTAG EM BERLIM EM SEU ESTADO ORIGINAL \u2013 ENTRE 1984 E 1905<\/p><\/div>\n<p>Em 1933, o pr\u00e9dio foi acometido por um\u00a0inc\u00eandio criminoso, praticamente \u00a0colocando-o abaixo. Mais tarde, foi\u00a0alvo frequente das duas Grandes Guerras, que o levaram praticamente \u00e0 destrui\u00e7\u00e3o.<\/p>\n<div id=\"attachment_1804\" style=\"width: 1290px\" class=\"wp-caption alignnone\"><img loading=\"lazy\" decoding=\"async\" aria-describedby=\"caption-attachment-1804\" class=\"size-full wp-image-1804\" src=\"https:\/\/finger.ind.br\/wp-content\/uploads\/2018\/05\/ruina.jpg\" alt=\"\" width=\"1280\" height=\"859\" \/><p id=\"caption-attachment-1804\" class=\"wp-caption-text\">O PARLAMENTO DESTRU\u00cdDO NA SEGUNDA GUERRA<\/p><\/div>\n<p>Apesar de uma reconstru\u00e7\u00e3o parcial realizada\u00a0entre 1961 e 1971 com projeto de\u00a0Paul Baumgarten, o local pedia por uma\u00a0nova reestrutura\u00e7\u00e3o, principalmente ap\u00f3s a queda do Muro de Berlim, ocasi\u00e3o em que o renomado arquiteto ingl\u00eas Norman Foster foi convidado a realizar o\u00a0projeto para a reabertura do Parlamento da Alemanha reunificada<strong>,\u00a0<\/strong>numa proposta\u00a0 chamada de<strong>\u00a0<\/strong><a href=\"https:\/\/www.hometeka.com.br\/pro\/o-que-e-retrofit-conheca-essa-tendencia-e-como-ela-pode-ser-aplicada\/\">Retrofit<\/a>.<strong><em>\u00a0<\/em><\/strong><\/p>\n<h4><em><strong>Neste caso, mais que um s\u00edmbolo para a cidade, o Parlamento Alem\u00e3o &#8211; Reichstag,\u00a0passaria a ser o s\u00edmbolo de uma \u201cnova\u201d na\u00e7\u00e3o.<\/strong><\/em><\/h4>\n<p>Ap\u00f3s um per\u00edodo complicado de aprova\u00e7\u00e3o do projeto, levando\u00a0 Foster a quase abrir m\u00e3o do trabalho, o arquiteto chegou a uma<strong>\u00a0<\/strong>satisfat\u00f3ria e bela solu\u00e7\u00e3o\u00a0que manteria a c\u00fapula, tra\u00e7o caracter\u00edstico e simb\u00f3lico da constru\u00e7\u00e3o, al\u00e9m de colaborar com o conforto t\u00e9rmico\u00a0e com grande aproveitamento da luz natural, valorizando ainda mais a majestosa estrutura.<\/p>\n<p>Mas, o principal: um perfeito refor\u00e7o \u00e0 ideia de transpar\u00eancia\u00a0no sentido mais amplo e metaf\u00f3rico da constru\u00e7\u00e3o, valor associado diretamente ao Parlamento.<\/p>\n<p>Hoje, a nova c\u00fapula permite uma\u00a0experi\u00eancia \u00fanica\u00a0aos seus visitantes, j\u00e1 que, enquanto caminham pelas rampas em espiral existentes, podem\u00a0acompanhar as atividades\u00a0das sess\u00f5es do parlamento, abaixo de seus p\u00e9s.<\/p>\n<div id=\"attachment_1800\" style=\"width: 1210px\" class=\"wp-caption alignnone\"><img loading=\"lazy\" decoding=\"async\" aria-describedby=\"caption-attachment-1800\" class=\"wp-image-1800 size-full\" src=\"https:\/\/finger.ind.br\/wp-content\/uploads\/2018\/05\/pe.jpg\" alt=\"\" width=\"1200\" height=\"800\" \/><p id=\"caption-attachment-1800\" class=\"wp-caption-text\">VISTA INTERNA DA C\u00daPULA<\/p><\/div>\n<p>Desta maneira, o arquiteto<strong>\u00a0<\/strong>ressignificou a c\u00fapula\u00a0com maestria, afastando de vez o s\u00edmbolo do Imperialismo e afirmando que desta vez \u00e9 o povo que est\u00e1 no comando.<\/p>\n<div id=\"attachment_1803\" style=\"width: 2474px\" class=\"wp-caption alignnone\"><img loading=\"lazy\" decoding=\"async\" aria-describedby=\"caption-attachment-1803\" class=\"wp-image-1803 size-full\" src=\"https:\/\/finger.ind.br\/wp-content\/uploads\/2018\/05\/Reichstag_Dome_at_night.jpg\" alt=\"\" width=\"2464\" height=\"1632\" \/><p id=\"caption-attachment-1803\" class=\"wp-caption-text\">VISTA NOTURNA DA C\u00daPULA<\/p><\/div>\n<p>As obras foram finalizadas em 1999, quando\u00a0o edif\u00edcio do\u00a0<em>Reichstag<\/em>\u00a0passou a ser novamente a sede do parlamento alem\u00e3o.<\/p>\n","protected":false},"excerpt":{"rendered":"<p>O Parlamento Alem\u00e3o, o Reichstag, registra uma exist\u00eancia de extrema turbul\u00eancia marcada por trag\u00e9dias e sucessivas reconstru\u00e7\u00f5es. Marco vivo da hist\u00f3ria suscita quest\u00f5es no universo da arquitetura, onde a premissa de preservar as lembran\u00e7as e significados \u2013 muitas vezes n\u00e3o positivos \u2013 passa cumprir uma fun\u00e7\u00e3o de alerta para as futuras gera\u00e7\u00f5es. Dono de uma [&hellip;]<\/p>\n","protected":false},"author":1,"featured_media":1802,"comment_status":"open","ping_status":"closed","sticky":false,"template":"","format":"standard","meta":{"_acf_changed":false,"footnotes":""},"categories":[85,53,81],"tags":[],"class_list":["post-1798","post","type-post","status-publish","format-standard","has-post-thumbnail","hentry","category-curiosidade","category-design","category-finger-magazin"],"acf":[],"yoast_head":"<!-- This site is optimized with the Yoast SEO plugin v27.4 - https:\/\/yoast.com\/product\/yoast-seo-wordpress\/ -->\n<title>O PARLAMENTO ALEM\u00c3O, O REICHSTAG - Finger M\u00f3veis Planejados<\/title>\n<meta name=\"robots\" content=\"index, follow, max-snippet:-1, max-image-preview:large, max-video-preview:-1\" \/>\n<link rel=\"canonical\" href=\"https:\/\/finger.ind.br\/es\/blog\/parlamento\/\" \/>\n<meta property=\"og:locale\" content=\"es_ES\" \/>\n<meta property=\"og:type\" content=\"article\" \/>\n<meta property=\"og:title\" content=\"O PARLAMENTO ALEM\u00c3O, O REICHSTAG - Finger M\u00f3veis Planejados\" \/>\n<meta property=\"og:description\" content=\"O Parlamento Alem\u00e3o, o Reichstag, registra uma exist\u00eancia de extrema turbul\u00eancia marcada por trag\u00e9dias e sucessivas reconstru\u00e7\u00f5es. Marco vivo da hist\u00f3ria suscita quest\u00f5es no universo da arquitetura, onde a premissa de preservar as lembran\u00e7as e significados \u2013 muitas vezes n\u00e3o positivos \u2013 passa cumprir uma fun\u00e7\u00e3o de alerta para as futuras gera\u00e7\u00f5es. Dono de uma [&hellip;]\" \/>\n<meta property=\"og:url\" content=\"https:\/\/finger.ind.br\/es\/blog\/parlamento\/\" \/>\n<meta property=\"og:site_name\" content=\"Finger M\u00f3veis Planejados\" \/>\n<meta property=\"article:published_time\" content=\"2018-05-04T14:47:08+00:00\" \/>\n<meta property=\"og:image\" content=\"https:\/\/finger.ind.br\/wp-content\/uploads\/2018\/05\/reichstag_aus.jpg\" \/>\n\t<meta property=\"og:image:width\" content=\"700\" \/>\n\t<meta property=\"og:image:height\" content=\"263\" \/>\n\t<meta property=\"og:image:type\" content=\"image\/jpeg\" \/>\n<meta name=\"author\" content=\"Equipe de Marketing da Finger\" \/>\n<meta name=\"twitter:card\" content=\"summary_large_image\" \/>\n<meta name=\"twitter:label1\" content=\"Escrito por\" \/>\n\t<meta name=\"twitter:data1\" content=\"Equipe de Marketing da Finger\" \/>\n\t<meta name=\"twitter:label2\" content=\"Tiempo de lectura\" \/>\n\t<meta name=\"twitter:data2\" content=\"3 minutos\" \/>\n<script type=\"application\/ld+json\" class=\"yoast-schema-graph\">{\"@context\":\"https:\\\/\\\/schema.org\",\"@graph\":[{\"@type\":\"Article\",\"@id\":\"https:\\\/\\\/finger.ind.br\\\/es\\\/blog\\\/parlamento\\\/#article\",\"isPartOf\":{\"@id\":\"https:\\\/\\\/finger.ind.br\\\/es\\\/blog\\\/parlamento\\\/\"},\"author\":{\"name\":\"Equipe de Marketing da Finger\",\"@id\":\"https:\\\/\\\/finger.ind.br\\\/es\\\/2025\\\/#\\\/schema\\\/person\\\/b0dadd3d47e35e2466e3879f929496a7\"},\"headline\":\"O PARLAMENTO ALEM\u00c3O, O REICHSTAG\",\"datePublished\":\"2018-05-04T14:47:08+00:00\",\"mainEntityOfPage\":{\"@id\":\"https:\\\/\\\/finger.ind.br\\\/es\\\/blog\\\/parlamento\\\/\"},\"wordCount\":523,\"commentCount\":0,\"image\":{\"@id\":\"https:\\\/\\\/finger.ind.br\\\/es\\\/blog\\\/parlamento\\\/#primaryimage\"},\"thumbnailUrl\":\"https:\\\/\\\/finger.ind.br\\\/wp-content\\\/uploads\\\/2018\\\/05\\\/reichstag_aus.jpg\",\"articleSection\":[\"Curiosidade\",\"Design\",\"Finger Magazin\"],\"inLanguage\":\"es\",\"potentialAction\":[{\"@type\":\"CommentAction\",\"name\":\"Comment\",\"target\":[\"https:\\\/\\\/finger.ind.br\\\/es\\\/blog\\\/parlamento\\\/#respond\"]}]},{\"@type\":\"WebPage\",\"@id\":\"https:\\\/\\\/finger.ind.br\\\/es\\\/blog\\\/parlamento\\\/\",\"url\":\"https:\\\/\\\/finger.ind.br\\\/es\\\/blog\\\/parlamento\\\/\",\"name\":\"O PARLAMENTO ALEM\u00c3O, O REICHSTAG - Finger M\u00f3veis Planejados\",\"isPartOf\":{\"@id\":\"https:\\\/\\\/finger.ind.br\\\/es\\\/2025\\\/#website\"},\"primaryImageOfPage\":{\"@id\":\"https:\\\/\\\/finger.ind.br\\\/es\\\/blog\\\/parlamento\\\/#primaryimage\"},\"image\":{\"@id\":\"https:\\\/\\\/finger.ind.br\\\/es\\\/blog\\\/parlamento\\\/#primaryimage\"},\"thumbnailUrl\":\"https:\\\/\\\/finger.ind.br\\\/wp-content\\\/uploads\\\/2018\\\/05\\\/reichstag_aus.jpg\",\"datePublished\":\"2018-05-04T14:47:08+00:00\",\"author\":{\"@id\":\"https:\\\/\\\/finger.ind.br\\\/es\\\/2025\\\/#\\\/schema\\\/person\\\/b0dadd3d47e35e2466e3879f929496a7\"},\"breadcrumb\":{\"@id\":\"https:\\\/\\\/finger.ind.br\\\/es\\\/blog\\\/parlamento\\\/#breadcrumb\"},\"inLanguage\":\"es\",\"potentialAction\":[{\"@type\":\"ReadAction\",\"target\":[\"https:\\\/\\\/finger.ind.br\\\/es\\\/blog\\\/parlamento\\\/\"]}]},{\"@type\":\"ImageObject\",\"inLanguage\":\"es\",\"@id\":\"https:\\\/\\\/finger.ind.br\\\/es\\\/blog\\\/parlamento\\\/#primaryimage\",\"url\":\"https:\\\/\\\/finger.ind.br\\\/wp-content\\\/uploads\\\/2018\\\/05\\\/reichstag_aus.jpg\",\"contentUrl\":\"https:\\\/\\\/finger.ind.br\\\/wp-content\\\/uploads\\\/2018\\\/05\\\/reichstag_aus.jpg\",\"width\":700,\"height\":263},{\"@type\":\"BreadcrumbList\",\"@id\":\"https:\\\/\\\/finger.ind.br\\\/es\\\/blog\\\/parlamento\\\/#breadcrumb\",\"itemListElement\":[{\"@type\":\"ListItem\",\"position\":1,\"name\":\"In\u00edcio\",\"item\":\"https:\\\/\\\/finger.ind.br\\\/es\\\/\"},{\"@type\":\"ListItem\",\"position\":2,\"name\":\"O PARLAMENTO ALEM\u00c3O, O REICHSTAG\"}]},{\"@type\":\"WebSite\",\"@id\":\"https:\\\/\\\/finger.ind.br\\\/es\\\/2025\\\/#website\",\"url\":\"https:\\\/\\\/finger.ind.br\\\/es\\\/2025\\\/\",\"name\":\"Finger M\u00f3veis Planejados\",\"description\":\"A precis\u00e3o alem\u00e3 com o melhor do design.\",\"potentialAction\":[{\"@type\":\"SearchAction\",\"target\":{\"@type\":\"EntryPoint\",\"urlTemplate\":\"https:\\\/\\\/finger.ind.br\\\/es\\\/2025\\\/?s={search_term_string}\"},\"query-input\":{\"@type\":\"PropertyValueSpecification\",\"valueRequired\":true,\"valueName\":\"search_term_string\"}}],\"inLanguage\":\"es\"},{\"@type\":\"Person\",\"@id\":\"https:\\\/\\\/finger.ind.br\\\/es\\\/2025\\\/#\\\/schema\\\/person\\\/b0dadd3d47e35e2466e3879f929496a7\",\"name\":\"Equipe de Marketing da Finger\",\"image\":{\"@type\":\"ImageObject\",\"inLanguage\":\"es\",\"@id\":\"https:\\\/\\\/finger.ind.br\\\/wp-content\\\/litespeed\\\/avatar\\\/9251eb63f7c9629dc8bff91afa5d75e9.jpg?ver=1776866419\",\"url\":\"https:\\\/\\\/finger.ind.br\\\/wp-content\\\/litespeed\\\/avatar\\\/9251eb63f7c9629dc8bff91afa5d75e9.jpg?ver=1776866419\",\"contentUrl\":\"https:\\\/\\\/finger.ind.br\\\/wp-content\\\/litespeed\\\/avatar\\\/9251eb63f7c9629dc8bff91afa5d75e9.jpg?ver=1776866419\",\"caption\":\"Equipe de Marketing da Finger\"},\"url\":\"https:\\\/\\\/finger.ind.br\\\/es\\\/blog\\\/author\\\/upside\\\/\"}]}<\/script>\n<!-- \/ Yoast SEO plugin. -->","yoast_head_json":{"title":"O PARLAMENTO ALEM\u00c3O, O REICHSTAG - Finger M\u00f3veis Planejados","robots":{"index":"index","follow":"follow","max-snippet":"max-snippet:-1","max-image-preview":"max-image-preview:large","max-video-preview":"max-video-preview:-1"},"canonical":"https:\/\/finger.ind.br\/es\/blog\/parlamento\/","og_locale":"es_ES","og_type":"article","og_title":"O PARLAMENTO ALEM\u00c3O, O REICHSTAG - Finger M\u00f3veis Planejados","og_description":"O Parlamento Alem\u00e3o, o Reichstag, registra uma exist\u00eancia de extrema turbul\u00eancia marcada por trag\u00e9dias e sucessivas reconstru\u00e7\u00f5es. Marco vivo da hist\u00f3ria suscita quest\u00f5es no universo da arquitetura, onde a premissa de preservar as lembran\u00e7as e significados \u2013 muitas vezes n\u00e3o positivos \u2013 passa cumprir uma fun\u00e7\u00e3o de alerta para as futuras gera\u00e7\u00f5es. Dono de uma [&hellip;]","og_url":"https:\/\/finger.ind.br\/es\/blog\/parlamento\/","og_site_name":"Finger M\u00f3veis Planejados","article_published_time":"2018-05-04T14:47:08+00:00","og_image":[{"width":700,"height":263,"url":"https:\/\/finger.ind.br\/wp-content\/uploads\/2018\/05\/reichstag_aus.jpg","type":"image\/jpeg"}],"author":"Equipe de Marketing da Finger","twitter_card":"summary_large_image","twitter_misc":{"Escrito por":"Equipe de Marketing da Finger","Tiempo de lectura":"3 minutos"},"schema":{"@context":"https:\/\/schema.org","@graph":[{"@type":"Article","@id":"https:\/\/finger.ind.br\/es\/blog\/parlamento\/#article","isPartOf":{"@id":"https:\/\/finger.ind.br\/es\/blog\/parlamento\/"},"author":{"name":"Equipe de Marketing da Finger","@id":"https:\/\/finger.ind.br\/es\/2025\/#\/schema\/person\/b0dadd3d47e35e2466e3879f929496a7"},"headline":"O PARLAMENTO ALEM\u00c3O, O REICHSTAG","datePublished":"2018-05-04T14:47:08+00:00","mainEntityOfPage":{"@id":"https:\/\/finger.ind.br\/es\/blog\/parlamento\/"},"wordCount":523,"commentCount":0,"image":{"@id":"https:\/\/finger.ind.br\/es\/blog\/parlamento\/#primaryimage"},"thumbnailUrl":"https:\/\/finger.ind.br\/wp-content\/uploads\/2018\/05\/reichstag_aus.jpg","articleSection":["Curiosidade","Design","Finger Magazin"],"inLanguage":"es","potentialAction":[{"@type":"CommentAction","name":"Comment","target":["https:\/\/finger.ind.br\/es\/blog\/parlamento\/#respond"]}]},{"@type":"WebPage","@id":"https:\/\/finger.ind.br\/es\/blog\/parlamento\/","url":"https:\/\/finger.ind.br\/es\/blog\/parlamento\/","name":"O PARLAMENTO ALEM\u00c3O, O REICHSTAG - Finger M\u00f3veis Planejados","isPartOf":{"@id":"https:\/\/finger.ind.br\/es\/2025\/#website"},"primaryImageOfPage":{"@id":"https:\/\/finger.ind.br\/es\/blog\/parlamento\/#primaryimage"},"image":{"@id":"https:\/\/finger.ind.br\/es\/blog\/parlamento\/#primaryimage"},"thumbnailUrl":"https:\/\/finger.ind.br\/wp-content\/uploads\/2018\/05\/reichstag_aus.jpg","datePublished":"2018-05-04T14:47:08+00:00","author":{"@id":"https:\/\/finger.ind.br\/es\/2025\/#\/schema\/person\/b0dadd3d47e35e2466e3879f929496a7"},"breadcrumb":{"@id":"https:\/\/finger.ind.br\/es\/blog\/parlamento\/#breadcrumb"},"inLanguage":"es","potentialAction":[{"@type":"ReadAction","target":["https:\/\/finger.ind.br\/es\/blog\/parlamento\/"]}]},{"@type":"ImageObject","inLanguage":"es","@id":"https:\/\/finger.ind.br\/es\/blog\/parlamento\/#primaryimage","url":"https:\/\/finger.ind.br\/wp-content\/uploads\/2018\/05\/reichstag_aus.jpg","contentUrl":"https:\/\/finger.ind.br\/wp-content\/uploads\/2018\/05\/reichstag_aus.jpg","width":700,"height":263},{"@type":"BreadcrumbList","@id":"https:\/\/finger.ind.br\/es\/blog\/parlamento\/#breadcrumb","itemListElement":[{"@type":"ListItem","position":1,"name":"In\u00edcio","item":"https:\/\/finger.ind.br\/es\/"},{"@type":"ListItem","position":2,"name":"O PARLAMENTO ALEM\u00c3O, O REICHSTAG"}]},{"@type":"WebSite","@id":"https:\/\/finger.ind.br\/es\/2025\/#website","url":"https:\/\/finger.ind.br\/es\/2025\/","name":"Finger M\u00f3veis Planejados","description":"A precis\u00e3o alem\u00e3 com o melhor do design.","potentialAction":[{"@type":"SearchAction","target":{"@type":"EntryPoint","urlTemplate":"https:\/\/finger.ind.br\/es\/2025\/?s={search_term_string}"},"query-input":{"@type":"PropertyValueSpecification","valueRequired":true,"valueName":"search_term_string"}}],"inLanguage":"es"},{"@type":"Person","@id":"https:\/\/finger.ind.br\/es\/2025\/#\/schema\/person\/b0dadd3d47e35e2466e3879f929496a7","name":"Equipe de Marketing da Finger","image":{"@type":"ImageObject","inLanguage":"es","@id":"https:\/\/finger.ind.br\/wp-content\/litespeed\/avatar\/9251eb63f7c9629dc8bff91afa5d75e9.jpg?ver=1776866419","url":"https:\/\/finger.ind.br\/wp-content\/litespeed\/avatar\/9251eb63f7c9629dc8bff91afa5d75e9.jpg?ver=1776866419","contentUrl":"https:\/\/finger.ind.br\/wp-content\/litespeed\/avatar\/9251eb63f7c9629dc8bff91afa5d75e9.jpg?ver=1776866419","caption":"Equipe de Marketing da Finger"},"url":"https:\/\/finger.ind.br\/es\/blog\/author\/upside\/"}]}},"amp_enabled":true,"_links":{"self":[{"href":"https:\/\/finger.ind.br\/es\/wp-json\/wp\/v2\/posts\/1798","targetHints":{"allow":["GET"]}}],"collection":[{"href":"https:\/\/finger.ind.br\/es\/wp-json\/wp\/v2\/posts"}],"about":[{"href":"https:\/\/finger.ind.br\/es\/wp-json\/wp\/v2\/types\/post"}],"author":[{"embeddable":true,"href":"https:\/\/finger.ind.br\/es\/wp-json\/wp\/v2\/users\/1"}],"replies":[{"embeddable":true,"href":"https:\/\/finger.ind.br\/es\/wp-json\/wp\/v2\/comments?post=1798"}],"version-history":[{"count":0,"href":"https:\/\/finger.ind.br\/es\/wp-json\/wp\/v2\/posts\/1798\/revisions"}],"wp:featuredmedia":[{"embeddable":true,"href":"https:\/\/finger.ind.br\/es\/wp-json\/wp\/v2\/media\/1802"}],"wp:attachment":[{"href":"https:\/\/finger.ind.br\/es\/wp-json\/wp\/v2\/media?parent=1798"}],"wp:term":[{"taxonomy":"category","embeddable":true,"href":"https:\/\/finger.ind.br\/es\/wp-json\/wp\/v2\/categories?post=1798"},{"taxonomy":"post_tag","embeddable":true,"href":"https:\/\/finger.ind.br\/es\/wp-json\/wp\/v2\/tags?post=1798"}],"curies":[{"name":"wp","href":"https:\/\/api.w.org\/{rel}","templated":true}]}}