{"id":213631,"date":"2026-04-27T07:11:00","date_gmt":"2026-04-27T10:11:00","guid":{"rendered":"https:\/\/finger.ind.br\/?p=213631"},"modified":"2026-04-08T11:11:03","modified_gmt":"2026-04-08T14:11:03","slug":"armario-para-lavanderia","status":"publish","type":"post","link":"https:\/\/finger.ind.br\/es\/blog\/armario-para-lavanderia\/","title":{"rendered":"Arm\u00e1rio para lavanderia: m\u00f3vel necess\u00e1rio que valoriza o c\u00f4modo"},"content":{"rendered":"\n<p><em>\u201cPor que o local dedicado \u00e0 lavagem de roupas precisa de um arm\u00e1rio para lavanderia?\u201d<\/em><\/p>\n\n\n\n<p>Essa \u00e9 uma pergunta bastante comum entre os propriet\u00e1rios que est\u00e3o estruturando ou reformando seus ambientes; e existe um motivo do porque questionarem.<\/p>\n\n\n\n<figure class=\"wp-block-gallery has-nested-images columns-default is-cropped wp-block-gallery-1 is-layout-flex wp-block-gallery-is-layout-flex\">\n<figure class=\"wp-block-image size-full\"><img data-dominant-color=\"918f81\" data-has-transparency=\"false\" style=\"--dominant-color: #918f81;\" loading=\"lazy\" decoding=\"async\" width=\"960\" height=\"560\" sizes=\"(max-width: 960px) 100vw, 960px\" data-id=\"213177\" src=\"https:\/\/finger.ind.br\/wp-content\/uploads\/2026\/03\/zeithaus-collection-7.webp\" alt=\"Lavanderia planejada funcional com arm\u00e1rios cinza, bancada em m\u00e1rmore, nichos organizadores e ilumina\u00e7\u00e3o sob os m\u00f3veis\" class=\"wp-image-213177 not-transparent\" srcset=\"https:\/\/finger.ind.br\/wp-content\/uploads\/2026\/03\/zeithaus-collection-7.webp 960w, https:\/\/finger.ind.br\/wp-content\/uploads\/2026\/03\/zeithaus-collection-7-300x175.webp 300w, https:\/\/finger.ind.br\/wp-content\/uploads\/2026\/03\/zeithaus-collection-7-768x448.webp 768w\" \/><\/figure>\n\n\n\n<figure class=\"wp-block-image size-full\"><img data-dominant-color=\"a09b96\" data-has-transparency=\"false\" style=\"--dominant-color: #a09b96;\" loading=\"lazy\" decoding=\"async\" width=\"2000\" height=\"1166\" sizes=\"(max-width: 2000px) 100vw, 2000px\" data-id=\"212377\" src=\"https:\/\/finger.ind.br\/wp-content\/uploads\/2026\/01\/cena-211-lavanderia-ivory-moos-nussbaum-variacao-de-cena-01.jpg\" alt=\"A nova Cole\u00e7\u00e3o Zeit da Finger Ambientes Personalizados, oferece uma linha de m\u00f3veis planejados de alto padr\u00e3o para ambientes que valorizam o design, o conforto, bem-estar e a funcionalidade. A nova cole\u00e7\u00e3o \u00e9 um convite para experimentar e sentir o tempo e a vida. Esse ambiente mostra uma lavanderia planejada sofisticada, com dois tanques, duas m\u00e1quinas de lavar, cabides para roupas passadas e espa\u00e7o para trabalho e armazenar os itens de higiene, estilo que destaca a brasilidade, design afetivo, a arquitetura vernacular e valoriza\u00e7\u00e3o das texturas. Detalhe para a ilumina\u00e7\u00e3o embutida nas prateleiras. A composi\u00e7\u00e3o de cores traz uma madeira mais escura cheio de personalidade com o padr\u00e3o mais neutro Moos, cinza com fundo esverdeado, fazendo uma conex\u00e3o com a natureza.\" class=\"wp-image-212377 not-transparent\" srcset=\"https:\/\/finger.ind.br\/wp-content\/uploads\/2026\/01\/cena-211-lavanderia-ivory-moos-nussbaum-variacao-de-cena-01.jpg 2000w, https:\/\/finger.ind.br\/wp-content\/uploads\/2026\/01\/cena-211-lavanderia-ivory-moos-nussbaum-variacao-de-cena-01-300x175.jpg 300w, https:\/\/finger.ind.br\/wp-content\/uploads\/2026\/01\/cena-211-lavanderia-ivory-moos-nussbaum-variacao-de-cena-01-1024x597.jpg 1024w, https:\/\/finger.ind.br\/wp-content\/uploads\/2026\/01\/cena-211-lavanderia-ivory-moos-nussbaum-variacao-de-cena-01-768x448.jpg 768w, https:\/\/finger.ind.br\/wp-content\/uploads\/2026\/01\/cena-211-lavanderia-ivory-moos-nussbaum-variacao-de-cena-01-1536x895.jpg 1536w\" \/><\/figure>\n\n\n\n<figure class=\"wp-block-image size-full\"><img data-dominant-color=\"9f9c95\" data-has-transparency=\"false\" style=\"--dominant-color: #9f9c95;\" loading=\"lazy\" decoding=\"async\" width=\"2000\" height=\"1166\" sizes=\"(max-width: 2000px) 100vw, 2000px\" data-id=\"212374\" src=\"https:\/\/finger.ind.br\/wp-content\/uploads\/2026\/01\/cena-211-lavanderia-ivory-moos-nussbaum-detalhe-01.jpg\" alt=\"A nova Cole\u00e7\u00e3o Zeit da Finger Ambientes Personalizados, oferece uma linha de m\u00f3veis planejados de alto padr\u00e3o para ambientes que valorizam o design, o conforto, bem-estar e a funcionalidade. A nova cole\u00e7\u00e3o \u00e9 um convite para experimentar e sentir o tempo e a vida. Esse ambiente mostra uma lavanderia planejada sofisticada, com dois tanques, duas m\u00e1quinas de lavar, cabides para roupas passadas e espa\u00e7o para trabalho e armazenar os itens de higiene, estilo que destaca a brasilidade, design afetivo, a arquitetura vernacular e valoriza\u00e7\u00e3o das texturas. Detalhe para a ilumina\u00e7\u00e3o embutida nas prateleiras. A composi\u00e7\u00e3o de cores traz uma madeira mais escura cheio de personalidade com o padr\u00e3o mais neutro Moos, cinza com fundo esverdeado, fazendo uma conex\u00e3o com a natureza. Detalhe do puxador da ZEN citizen, sobreposto a frente;\" class=\"wp-image-212374 not-transparent\" srcset=\"https:\/\/finger.ind.br\/wp-content\/uploads\/2026\/01\/cena-211-lavanderia-ivory-moos-nussbaum-detalhe-01.jpg 2000w, https:\/\/finger.ind.br\/wp-content\/uploads\/2026\/01\/cena-211-lavanderia-ivory-moos-nussbaum-detalhe-01-300x175.jpg 300w, https:\/\/finger.ind.br\/wp-content\/uploads\/2026\/01\/cena-211-lavanderia-ivory-moos-nussbaum-detalhe-01-1024x597.jpg 1024w, https:\/\/finger.ind.br\/wp-content\/uploads\/2026\/01\/cena-211-lavanderia-ivory-moos-nussbaum-detalhe-01-768x448.jpg 768w, https:\/\/finger.ind.br\/wp-content\/uploads\/2026\/01\/cena-211-lavanderia-ivory-moos-nussbaum-detalhe-01-1536x895.jpg 1536w\" \/><\/figure>\n<\/figure>\n\n\n\n<p>A <a href=\"https:\/\/finger.ind.br\/ambientes\/lavanderia\/\">lavanderia<\/a>, em muitos projetos residenciais, \u00e9 um espa\u00e7o naturalmente compacto, pensado para cumprir uma fun\u00e7\u00e3o puramente dom\u00e9stica. Por isso, muitos acreditam que incluir um <strong>arm\u00e1rio para lavanderia<\/strong> seja algo dispens\u00e1vel no projeto; ou, pior, que o m\u00f3vel s\u00f3 vai acabar ocupando espa\u00e7o.<\/p>\n\n\n\n<p>Sempre que nos deparamos com essa pergunta, explicamos para os clientes que, assim como a cozinha, a sala de estar ou o dormit\u00f3rio, a lavanderia tamb\u00e9m faz parte da arquitetura funcional do lar (um <em>utility room<\/em>) \u2014 e, por essa raz\u00e3o, merece aten\u00e7\u00e3o criteriosa.<\/p>\n\n\n\n<h2 class=\"wp-block-heading\"><strong>Utilidade do arm\u00e1rio para lavanderia<\/strong><\/h2>\n\n\n\n<p>O <strong>arm\u00e1rio para lavanderia<\/strong> \u00e9 um m\u00f3vel projetado para concentrar e organizar tudo aquilo que est\u00e1 diretamente ligado ao cuidado com as roupas e \u00e0 manuten\u00e7\u00e3o dom\u00e9stica.<\/p>\n\n\n\n<p>Sab\u00e3o l\u00edquido, amaciante, alvejantes, pregadores, panos de limpeza, escovas, etc. O morador recorre ao arm\u00e1rio para evitar que os produtos fiquem expostos, espalhados sobre bancadas, ou ent\u00e3o ocupando \u00e1reas destinadas \u00e0 circula\u00e7\u00e3o.<\/p>\n\n\n\n<figure class=\"wp-block-gallery has-nested-images columns-default is-cropped wp-block-gallery-2 is-layout-flex wp-block-gallery-is-layout-flex\">\n<figure class=\"wp-block-image size-full\"><img data-dominant-color=\"9f9c8c\" data-has-transparency=\"false\" style=\"--dominant-color: #9f9c8c;\" loading=\"lazy\" decoding=\"async\" width=\"2560\" height=\"1707\" sizes=\"(max-width: 2560px) 100vw, 2560px\" data-id=\"214211\" src=\"https:\/\/finger.ind.br\/wp-content\/uploads\/2026\/04\/img-3155-scaled.jpg\" alt=\"lavanderia\" class=\"wp-image-214211 not-transparent\" srcset=\"https:\/\/finger.ind.br\/wp-content\/uploads\/2026\/04\/img-3155-scaled.jpg 2560w, https:\/\/finger.ind.br\/wp-content\/uploads\/2026\/04\/img-3155-300x200.jpg 300w, https:\/\/finger.ind.br\/wp-content\/uploads\/2026\/04\/img-3155-1024x683.jpg 1024w, https:\/\/finger.ind.br\/wp-content\/uploads\/2026\/04\/img-3155-768x512.jpg 768w, https:\/\/finger.ind.br\/wp-content\/uploads\/2026\/04\/img-3155-1536x1024.jpg 1536w, https:\/\/finger.ind.br\/wp-content\/uploads\/2026\/04\/img-3155-2048x1365.jpg 2048w\" \/><figcaption class=\"wp-element-caption\">Projeto e Execu\u00e7\u00e3o: Atrativa Finger Conc\u00f3rdia | Foto: J\u00falio Gomes Filho<\/figcaption><\/figure>\n\n\n\n<figure class=\"wp-block-image size-full\"><img data-dominant-color=\"bfb9a9\" data-has-transparency=\"false\" style=\"--dominant-color: #bfb9a9;\" loading=\"lazy\" decoding=\"async\" width=\"1707\" height=\"2560\" sizes=\"(max-width: 1707px) 100vw, 1707px\" data-id=\"214208\" src=\"https:\/\/finger.ind.br\/wp-content\/uploads\/2026\/04\/img-3148-scaled.jpg\" alt=\"lavanderia\" class=\"wp-image-214208 not-transparent\" srcset=\"https:\/\/finger.ind.br\/wp-content\/uploads\/2026\/04\/img-3148-scaled.jpg 1707w, https:\/\/finger.ind.br\/wp-content\/uploads\/2026\/04\/img-3148-200x300.jpg 200w, https:\/\/finger.ind.br\/wp-content\/uploads\/2026\/04\/img-3148-683x1024.jpg 683w, https:\/\/finger.ind.br\/wp-content\/uploads\/2026\/04\/img-3148-768x1152.jpg 768w, https:\/\/finger.ind.br\/wp-content\/uploads\/2026\/04\/img-3148-1024x1536.jpg 1024w, https:\/\/finger.ind.br\/wp-content\/uploads\/2026\/04\/img-3148-1365x2048.jpg 1365w\" \/><figcaption class=\"wp-element-caption\">Projeto e Execu\u00e7\u00e3o: Atrativa Finger Conc\u00f3rdia | Foto: J\u00falio Gomes Filho<\/figcaption><\/figure>\n\n\n\n<figure class=\"wp-block-image size-full\"><img data-dominant-color=\"85817f\" data-has-transparency=\"false\" style=\"--dominant-color: #85817f;\" loading=\"lazy\" decoding=\"async\" width=\"1707\" height=\"2560\" sizes=\"(max-width: 1707px) 100vw, 1707px\" data-id=\"211343\" src=\"https:\/\/finger.ind.br\/wp-content\/uploads\/2026\/01\/moveis-sustentaveis-o-novo-luxo-e-ser-consciente-e-responsavel-9-scaled.jpg\" alt=\"lavanderia compacta com porta palha para esconder junker\" class=\"wp-image-211343 not-transparent\" srcset=\"https:\/\/finger.ind.br\/wp-content\/uploads\/2026\/01\/moveis-sustentaveis-o-novo-luxo-e-ser-consciente-e-responsavel-9-scaled.jpg 1707w, https:\/\/finger.ind.br\/wp-content\/uploads\/2026\/01\/moveis-sustentaveis-o-novo-luxo-e-ser-consciente-e-responsavel-9-200x300.jpg 200w, https:\/\/finger.ind.br\/wp-content\/uploads\/2026\/01\/moveis-sustentaveis-o-novo-luxo-e-ser-consciente-e-responsavel-9-683x1024.jpg 683w, https:\/\/finger.ind.br\/wp-content\/uploads\/2026\/01\/moveis-sustentaveis-o-novo-luxo-e-ser-consciente-e-responsavel-9-768x1152.jpg 768w, https:\/\/finger.ind.br\/wp-content\/uploads\/2026\/01\/moveis-sustentaveis-o-novo-luxo-e-ser-consciente-e-responsavel-9-1024x1536.jpg 1024w, https:\/\/finger.ind.br\/wp-content\/uploads\/2026\/01\/moveis-sustentaveis-o-novo-luxo-e-ser-consciente-e-responsavel-9-1365x2048.jpg 1365w\" \/><figcaption class=\"wp-element-caption\">Execu\u00e7\u00e3o: @finger.mariperin | Fotos: @rcostantinarq<\/figcaption><\/figure>\n<\/figure>\n\n\n\n<p>Mas, ao contr\u00e1rio do que se imagina, o <strong>arm\u00e1rio para lavanderia<\/strong> n\u00e3o precisa ser reservado apenas para esse fim. O m\u00f3vel tamb\u00e9m pode acomodar utens\u00edlios como baldes, rodos, vassouras ou qualquer outro acess\u00f3rio de limpeza que precise permanecer acess\u00edvel.&nbsp;<\/p>\n\n\n\n<h2 class=\"wp-block-heading\"><strong>Por que o lar precisa desse m\u00f3vel para lavanderia<\/strong><\/h2>\n\n\n\n<p>Quando falamos em um lar de alto padr\u00e3o, inevitavelmente associamos a resid\u00eancia ao bom gosto, ao cuidado est\u00e9tico e ao prazer de bem receber.<\/p>\n\n\n\n<figure class=\"wp-block-gallery has-nested-images columns-default is-cropped wp-block-gallery-3 is-layout-flex wp-block-gallery-is-layout-flex\">\n<figure class=\"wp-block-image size-full\"><img data-dominant-color=\"97918d\" data-has-transparency=\"false\" style=\"--dominant-color: #97918d;\" loading=\"lazy\" decoding=\"async\" width=\"2048\" height=\"2560\" sizes=\"(max-width: 2048px) 100vw, 2048px\" data-id=\"210072\" src=\"https:\/\/finger.ind.br\/wp-content\/uploads\/2025\/10\/moveis-alto-padrao-stuchi-19-scaled.jpg\" alt=\"Lavanderia planejada compacta, com duas m\u00e1quinas, sendo uma lava e seca. Marcenaria em tons claros e com formas org\u00e2nicas nas extremidades. O design prioriza funcionalidade, integra\u00e7\u00e3o e bem-estar, com arm\u00e1rios sob medida que valorizam o espa\u00e7o e a luz natural. M\u00f3veis planejados de alto padr\u00e3o, lavanderia personalizada, design contempor\u00e2neo.\" class=\"wp-image-210072 not-transparent\" srcset=\"https:\/\/finger.ind.br\/wp-content\/uploads\/2025\/10\/moveis-alto-padrao-stuchi-19-scaled.jpg 2048w, https:\/\/finger.ind.br\/wp-content\/uploads\/2025\/10\/moveis-alto-padrao-stuchi-19-240x300.jpg 240w, https:\/\/finger.ind.br\/wp-content\/uploads\/2025\/10\/moveis-alto-padrao-stuchi-19-819x1024.jpg 819w, https:\/\/finger.ind.br\/wp-content\/uploads\/2025\/10\/moveis-alto-padrao-stuchi-19-768x960.jpg 768w, https:\/\/finger.ind.br\/wp-content\/uploads\/2025\/10\/moveis-alto-padrao-stuchi-19-1229x1536.jpg 1229w, https:\/\/finger.ind.br\/wp-content\/uploads\/2025\/10\/moveis-alto-padrao-stuchi-19-1638x2048.jpg 1638w\" \/><figcaption class=\"wp-element-caption\">Apartamento LEA | @leticiastuchi <br>Projeto: Arquiteta Jessika Neckel | Execu\u00e7\u00e3o: Tendenzza Home Decor | Foto: J\u00falia Kuhn<\/figcaption><\/figure>\n\n\n\n<figure class=\"wp-block-image size-full\"><img data-dominant-color=\"998b7b\" data-has-transparency=\"false\" style=\"--dominant-color: #998b7b;\" loading=\"lazy\" decoding=\"async\" width=\"2048\" height=\"2560\" sizes=\"(max-width: 2048px) 100vw, 2048px\" data-id=\"210069\" src=\"https:\/\/finger.ind.br\/wp-content\/uploads\/2025\/10\/moveis-alto-padrao-stuchi-18-scaled.jpg\" alt=\"Lavanderia planejada compacta, com duas m\u00e1quinas, sendo uma lava e seca. Marcenaria em tons claros e com formas org\u00e2nicas nas extremidades. O design prioriza funcionalidade, integra\u00e7\u00e3o e bem-estar, com arm\u00e1rios sob medida que valorizam o espa\u00e7o e a luz natural. M\u00f3veis planejados de alto padr\u00e3o, lavanderia personalizada, design contempor\u00e2neo.\" class=\"wp-image-210069 not-transparent\" srcset=\"https:\/\/finger.ind.br\/wp-content\/uploads\/2025\/10\/moveis-alto-padrao-stuchi-18-scaled.jpg 2048w, https:\/\/finger.ind.br\/wp-content\/uploads\/2025\/10\/moveis-alto-padrao-stuchi-18-240x300.jpg 240w, https:\/\/finger.ind.br\/wp-content\/uploads\/2025\/10\/moveis-alto-padrao-stuchi-18-819x1024.jpg 819w, https:\/\/finger.ind.br\/wp-content\/uploads\/2025\/10\/moveis-alto-padrao-stuchi-18-768x960.jpg 768w, https:\/\/finger.ind.br\/wp-content\/uploads\/2025\/10\/moveis-alto-padrao-stuchi-18-1229x1536.jpg 1229w, https:\/\/finger.ind.br\/wp-content\/uploads\/2025\/10\/moveis-alto-padrao-stuchi-18-1638x2048.jpg 1638w\" \/><figcaption class=\"wp-element-caption\">Apartamento LEA | @leticiastuchi <br>Projeto: Arquiteta Jessika Neckel | Execu\u00e7\u00e3o: Tendenzza Home Decor | Foto: J\u00falia Kuhn<\/figcaption><\/figure>\n\n\n\n<figure class=\"wp-block-image size-full\"><img data-dominant-color=\"95887a\" data-has-transparency=\"false\" style=\"--dominant-color: #95887a;\" loading=\"lazy\" decoding=\"async\" width=\"2048\" height=\"2560\" sizes=\"(max-width: 2048px) 100vw, 2048px\" data-id=\"210018\" src=\"https:\/\/finger.ind.br\/wp-content\/uploads\/2025\/10\/moveis-alto-padrao-stuchi-1-scaled.jpg\" alt=\"Lavanderia planejada compacta, com duas m\u00e1quinas, sendo uma lava e seca. Marcenaria em tons claros e com formas org\u00e2nicas nas extremidades. O design prioriza funcionalidade, integra\u00e7\u00e3o e bem-estar, com arm\u00e1rios sob medida que valorizam o espa\u00e7o e a luz natural. M\u00f3veis planejados de alto padr\u00e3o, lavanderia personalizada, design contempor\u00e2neo.\" class=\"wp-image-210018 not-transparent\" srcset=\"https:\/\/finger.ind.br\/wp-content\/uploads\/2025\/10\/moveis-alto-padrao-stuchi-1-scaled.jpg 2048w, https:\/\/finger.ind.br\/wp-content\/uploads\/2025\/10\/moveis-alto-padrao-stuchi-1-240x300.jpg 240w, https:\/\/finger.ind.br\/wp-content\/uploads\/2025\/10\/moveis-alto-padrao-stuchi-1-819x1024.jpg 819w, https:\/\/finger.ind.br\/wp-content\/uploads\/2025\/10\/moveis-alto-padrao-stuchi-1-768x960.jpg 768w, https:\/\/finger.ind.br\/wp-content\/uploads\/2025\/10\/moveis-alto-padrao-stuchi-1-1229x1536.jpg 1229w, https:\/\/finger.ind.br\/wp-content\/uploads\/2025\/10\/moveis-alto-padrao-stuchi-1-1638x2048.jpg 1638w\" \/><figcaption class=\"wp-element-caption\">Apartamento LEA | @leticiastuchi <br>Projeto: Arquiteta Jessika Neckel | Execu\u00e7\u00e3o: Tendenzza Home Decor | Foto: J\u00falia Kuhn<\/figcaption><\/figure>\n<\/figure>\n\n\n\n<p>Ningu\u00e9m espera entrar em uma casa elegante e encontrar uma lavanderia improvisada, desorganizada ou visualmente negligenciada. Existe uma expectativa natural de que cada ambiente da casa seja bem <a href=\"https:\/\/finger.ind.br\/es\/blog\/lavanderia-funcional-7-estrategias-para-tornar-o-ambiente-mais-pratico-e-bonito\/\">planejado, funcional e coerente<\/a> com a experi\u00eancia que o restante da resid\u00eancia proporciona.<\/p>\n\n\n\n<figure class=\"wp-block-gallery has-nested-images columns-4 is-cropped wp-block-gallery-4 is-layout-flex wp-block-gallery-is-layout-flex\">\n<figure class=\"wp-block-image size-full\"><img data-dominant-color=\"8a908b\" data-has-transparency=\"false\" style=\"--dominant-color: #8a908b;\" loading=\"lazy\" decoding=\"async\" width=\"1920\" height=\"2560\" sizes=\"(max-width: 1920px) 100vw, 1920px\" data-id=\"214231\" src=\"https:\/\/finger.ind.br\/wp-content\/uploads\/2026\/04\/armario-para-lavanderia-movel-necessario-que-valoriza-o-comodo-scaled.jpg\" alt=\"Utility Room - Lavanderia - em tom de azul claro com porta palha, m\u00e1quina de lava e seca embutida nas portas de correr. \" class=\"wp-image-214231 not-transparent\" srcset=\"https:\/\/finger.ind.br\/wp-content\/uploads\/2026\/04\/armario-para-lavanderia-movel-necessario-que-valoriza-o-comodo-scaled.jpg 1920w, https:\/\/finger.ind.br\/wp-content\/uploads\/2026\/04\/armario-para-lavanderia-movel-necessario-que-valoriza-o-comodo-225x300.jpg 225w, https:\/\/finger.ind.br\/wp-content\/uploads\/2026\/04\/armario-para-lavanderia-movel-necessario-que-valoriza-o-comodo-768x1024.jpg 768w, https:\/\/finger.ind.br\/wp-content\/uploads\/2026\/04\/armario-para-lavanderia-movel-necessario-que-valoriza-o-comodo-1152x1536.jpg 1152w, https:\/\/finger.ind.br\/wp-content\/uploads\/2026\/04\/armario-para-lavanderia-movel-necessario-que-valoriza-o-comodo-1536x2048.jpg 1536w\" \/><figcaption class=\"wp-element-caption\">Projeto: Studio FAV<\/figcaption><\/figure>\n\n\n\n<figure class=\"wp-block-image size-full\"><img data-dominant-color=\"8f856e\" data-has-transparency=\"false\" style=\"--dominant-color: #8f856e;\" loading=\"lazy\" decoding=\"async\" width=\"1920\" height=\"2560\" sizes=\"(max-width: 1920px) 100vw, 1920px\" data-id=\"214234\" src=\"https:\/\/finger.ind.br\/wp-content\/uploads\/2026\/04\/armario-para-lavanderia-movel-necessario-que-valoriza-o-comodo-1-scaled.jpg\" alt=\"Utility Room - Lavanderia - em tom de azul claro com porta palha, m\u00e1quina de lava e seca embutida nas portas de correr. \" class=\"wp-image-214234 not-transparent\" srcset=\"https:\/\/finger.ind.br\/wp-content\/uploads\/2026\/04\/armario-para-lavanderia-movel-necessario-que-valoriza-o-comodo-1-scaled.jpg 1920w, https:\/\/finger.ind.br\/wp-content\/uploads\/2026\/04\/armario-para-lavanderia-movel-necessario-que-valoriza-o-comodo-1-225x300.jpg 225w, https:\/\/finger.ind.br\/wp-content\/uploads\/2026\/04\/armario-para-lavanderia-movel-necessario-que-valoriza-o-comodo-1-768x1024.jpg 768w, https:\/\/finger.ind.br\/wp-content\/uploads\/2026\/04\/armario-para-lavanderia-movel-necessario-que-valoriza-o-comodo-1-1152x1536.jpg 1152w, https:\/\/finger.ind.br\/wp-content\/uploads\/2026\/04\/armario-para-lavanderia-movel-necessario-que-valoriza-o-comodo-1-1536x2048.jpg 1536w\" \/><figcaption class=\"wp-element-caption\">Projeto: Studio FAV<\/figcaption><\/figure>\n\n\n\n<figure class=\"wp-block-image size-full\"><img data-dominant-color=\"8a8d89\" data-has-transparency=\"false\" style=\"--dominant-color: #8a8d89;\" loading=\"lazy\" decoding=\"async\" width=\"1920\" height=\"2560\" sizes=\"(max-width: 1920px) 100vw, 1920px\" data-id=\"214237\" src=\"https:\/\/finger.ind.br\/wp-content\/uploads\/2026\/04\/armario-para-lavanderia-movel-necessario-que-valoriza-o-comodo-2-scaled.jpg\" alt=\"Utility Room - Lavanderia - em tom de azul claro com porta palha, m\u00e1quina de lava e seca embutida nas portas de correr. \" class=\"wp-image-214237 not-transparent\" srcset=\"https:\/\/finger.ind.br\/wp-content\/uploads\/2026\/04\/armario-para-lavanderia-movel-necessario-que-valoriza-o-comodo-2-scaled.jpg 1920w, https:\/\/finger.ind.br\/wp-content\/uploads\/2026\/04\/armario-para-lavanderia-movel-necessario-que-valoriza-o-comodo-2-225x300.jpg 225w, https:\/\/finger.ind.br\/wp-content\/uploads\/2026\/04\/armario-para-lavanderia-movel-necessario-que-valoriza-o-comodo-2-768x1024.jpg 768w, https:\/\/finger.ind.br\/wp-content\/uploads\/2026\/04\/armario-para-lavanderia-movel-necessario-que-valoriza-o-comodo-2-1152x1536.jpg 1152w, https:\/\/finger.ind.br\/wp-content\/uploads\/2026\/04\/armario-para-lavanderia-movel-necessario-que-valoriza-o-comodo-2-1536x2048.jpg 1536w\" \/><figcaption class=\"wp-element-caption\">Projeto: Studio FAV<\/figcaption><\/figure>\n\n\n\n<figure class=\"wp-block-image size-full\"><img data-dominant-color=\"8d8f8d\" data-has-transparency=\"false\" style=\"--dominant-color: #8d8f8d;\" loading=\"lazy\" decoding=\"async\" width=\"1920\" height=\"2560\" sizes=\"(max-width: 1920px) 100vw, 1920px\" data-id=\"214240\" src=\"https:\/\/finger.ind.br\/wp-content\/uploads\/2026\/04\/armario-para-lavanderia-movel-necessario-que-valoriza-o-comodo-3-scaled.jpg\" alt=\"Utility Room - Lavanderia - em tom de azul claro com porta palha, m\u00e1quina de lava e seca embutida nas portas de correr. \" class=\"wp-image-214240 not-transparent\" srcset=\"https:\/\/finger.ind.br\/wp-content\/uploads\/2026\/04\/armario-para-lavanderia-movel-necessario-que-valoriza-o-comodo-3-scaled.jpg 1920w, https:\/\/finger.ind.br\/wp-content\/uploads\/2026\/04\/armario-para-lavanderia-movel-necessario-que-valoriza-o-comodo-3-225x300.jpg 225w, https:\/\/finger.ind.br\/wp-content\/uploads\/2026\/04\/armario-para-lavanderia-movel-necessario-que-valoriza-o-comodo-3-768x1024.jpg 768w, https:\/\/finger.ind.br\/wp-content\/uploads\/2026\/04\/armario-para-lavanderia-movel-necessario-que-valoriza-o-comodo-3-1152x1536.jpg 1152w, https:\/\/finger.ind.br\/wp-content\/uploads\/2026\/04\/armario-para-lavanderia-movel-necessario-que-valoriza-o-comodo-3-1536x2048.jpg 1536w\" \/><figcaption class=\"wp-element-caption\">Projeto: Studio FAV<\/figcaption><\/figure>\n<\/figure>\n\n\n\n<p>E a lavanderia (um <em>utility room, <\/em>espa\u00e7o de servi\u00e7o) n\u00e3o foge a essa l\u00f3gica.<\/p>\n\n\n\n<h2 class=\"wp-block-heading\"><strong>O que categoriza um arm\u00e1rio para lavanderia luxuoso<\/strong><\/h2>\n\n\n\n<p>Em resid\u00eancias onde o conceito predominante \u00e9 o alto padr\u00e3o, dificilmente o morador se contentar\u00e1 com um <strong>arm\u00e1rio para lavanderia<\/strong> gen\u00e9rico ou improvisado. Existe um conjunto de crit\u00e9rios que o m\u00f3vel precisa atender; crit\u00e9rios esses que ultrapassam a simples funcionalidade.<\/p>\n\n\n\n<h3 class=\"wp-block-heading\"><strong>1- Dimens\u00e3o e espa\u00e7amento<\/strong><\/h3>\n\n\n\n<p>O ambiente da lavanderia precisa ser bem projetado para que as m\u00e1quinas de lavar, secar e o pr\u00f3prio tanque possam coexistir. Isso significa que o arm\u00e1rio tamb\u00e9m precisa ser inserido adequadamente para caber no espa\u00e7o e cumprir sua fun\u00e7\u00e3o.&nbsp;<\/p>\n\n\n\n<figure class=\"wp-block-gallery has-nested-images columns-default is-cropped wp-block-gallery-5 is-layout-flex wp-block-gallery-is-layout-flex\">\n<figure class=\"wp-block-image size-full\"><img loading=\"lazy\" decoding=\"async\" width=\"1200\" height=\"700\" sizes=\"(max-width: 1200px) 100vw, 1200px\" data-id=\"55644\" src=\"https:\/\/finger.ind.br\/wp-content\/uploads\/2025\/07\/Lavanderia-Cinque-Projeto-Natalia-Veloso-Arquitetura-Execucao-Finger-Goias-Foto-Henrique-Ishibe.jpg\" alt=\"Lavanderia Cinque - Projeto Natalia Veloso Arquitetura - Execu\u00e7\u00e3o Finger Goias - Foto Henrique Ishibe\" class=\"wp-image-55644\" srcset=\"https:\/\/finger.ind.br\/wp-content\/uploads\/2025\/07\/Lavanderia-Cinque-Projeto-Natalia-Veloso-Arquitetura-Execucao-Finger-Goias-Foto-Henrique-Ishibe.jpg 1200w, https:\/\/finger.ind.br\/wp-content\/uploads\/2025\/07\/Lavanderia-Cinque-Projeto-Natalia-Veloso-Arquitetura-Execucao-Finger-Goias-Foto-Henrique-Ishibe-300x175.jpg 300w, https:\/\/finger.ind.br\/wp-content\/uploads\/2025\/07\/Lavanderia-Cinque-Projeto-Natalia-Veloso-Arquitetura-Execucao-Finger-Goias-Foto-Henrique-Ishibe-1024x597.jpg 1024w, https:\/\/finger.ind.br\/wp-content\/uploads\/2025\/07\/Lavanderia-Cinque-Projeto-Natalia-Veloso-Arquitetura-Execucao-Finger-Goias-Foto-Henrique-Ishibe-768x448.jpg 768w\" \/><figcaption class=\"wp-element-caption\">Projeto: Natalia Veloso Arquitetura<br>Execu\u00e7\u00e3o: Finger Goias<br>Foto: Henrique Ishibe<\/figcaption><\/figure>\n\n\n\n<figure class=\"wp-block-image size-full\"><img loading=\"lazy\" decoding=\"async\" width=\"1200\" height=\"700\" sizes=\"(max-width: 1200px) 100vw, 1200px\" data-id=\"55641\" src=\"https:\/\/finger.ind.br\/wp-content\/uploads\/2025\/07\/Lavanderia-2-Terral-Execucao-Finger-Goias-Foto-Henrique-Ishibe.jpg\" alt=\"Lavanderia 2 Terral - Execu\u00e7\u00e3o Finger Goias - Foto Henrique Ishibe\" class=\"wp-image-55641\" srcset=\"https:\/\/finger.ind.br\/wp-content\/uploads\/2025\/07\/Lavanderia-2-Terral-Execucao-Finger-Goias-Foto-Henrique-Ishibe.jpg 1200w, https:\/\/finger.ind.br\/wp-content\/uploads\/2025\/07\/Lavanderia-2-Terral-Execucao-Finger-Goias-Foto-Henrique-Ishibe-300x175.jpg 300w, https:\/\/finger.ind.br\/wp-content\/uploads\/2025\/07\/Lavanderia-2-Terral-Execucao-Finger-Goias-Foto-Henrique-Ishibe-1024x597.jpg 1024w, https:\/\/finger.ind.br\/wp-content\/uploads\/2025\/07\/Lavanderia-2-Terral-Execucao-Finger-Goias-Foto-Henrique-Ishibe-768x448.jpg 768w\" \/><figcaption class=\"wp-element-caption\">Execu\u00e7\u00e3o: Finger Goias<br>Foto: Henrique Ishibe<\/figcaption><\/figure>\n\n\n\n<figure class=\"wp-block-image size-full\"><img loading=\"lazy\" decoding=\"async\" width=\"1200\" height=\"700\" sizes=\"(max-width: 1200px) 100vw, 1200px\" data-id=\"55638\" src=\"https:\/\/finger.ind.br\/wp-content\/uploads\/2025\/07\/Lavanderia-Projeto-e-Execucao-Mari-Perin-e-Finger-Moveis-Planejados-Foto-Renan-Costantin.jpg\" alt=\"Lavanderia - Projeto e Execu\u00e7\u00e3o Mari Perin e Finger M\u00f3veis Planejados - Foto Renan Costantin\" class=\"wp-image-55638\" srcset=\"https:\/\/finger.ind.br\/wp-content\/uploads\/2025\/07\/Lavanderia-Projeto-e-Execucao-Mari-Perin-e-Finger-Moveis-Planejados-Foto-Renan-Costantin.jpg 1200w, https:\/\/finger.ind.br\/wp-content\/uploads\/2025\/07\/Lavanderia-Projeto-e-Execucao-Mari-Perin-e-Finger-Moveis-Planejados-Foto-Renan-Costantin-300x175.jpg 300w, https:\/\/finger.ind.br\/wp-content\/uploads\/2025\/07\/Lavanderia-Projeto-e-Execucao-Mari-Perin-e-Finger-Moveis-Planejados-Foto-Renan-Costantin-1024x597.jpg 1024w, https:\/\/finger.ind.br\/wp-content\/uploads\/2025\/07\/Lavanderia-Projeto-e-Execucao-Mari-Perin-e-Finger-Moveis-Planejados-Foto-Renan-Costantin-768x448.jpg 768w\" \/><figcaption class=\"wp-element-caption\">Projeto: Mari Perin e Finger M\u00f3veis Planejados<br>Foto: Renan Costantin<\/figcaption><\/figure>\n<\/figure>\n\n\n\n<p>Devemos, portanto, dimensionar o <strong>arm\u00e1rio para lavanderia<\/strong> respeitando as propor\u00e7\u00f5es do ambiente e garantindo que ele comporte todos os objetos usados na rotina dom\u00e9stica.<\/p>\n\n\n\n<h3 class=\"wp-block-heading\"><strong>2- Qualidade dos materiais<\/strong><\/h3>\n\n\n\n<p>Assim como a cozinha e o banheiro, a lavanderia tende a ser um c\u00f4modo mais \u00famido, com varia\u00e7\u00f5es de temperatura. Por isso, os materiais usados na composi\u00e7\u00e3o do m\u00f3vel precisam ser escolhidos com crit\u00e9rio para que seu tempo de dura\u00e7\u00e3o e resist\u00eancia perdure.<\/p>\n\n\n\n<h3 class=\"wp-block-heading\"><strong>3- Acabamentos<\/strong><\/h3>\n\n\n\n<p>Al\u00e9m da estrutura, que vai garantir a robustez da pe\u00e7a, o <strong>arm\u00e1rio para lavanderia<\/strong> precisa ser visualmente elegante \u2014 afinal, ele tamb\u00e9m \u00e9 um m\u00f3vel que se destaca pelo visual. Portanto, devemos escolher os acabamentos com o objetivo de criar continuidade visual do projeto.<\/p>\n\n\n\n<h3 class=\"wp-block-heading\"><strong>4- Paleta de cor<\/strong><\/h3>\n\n\n\n<p>A cor, como j\u00e1 mencionamos em muitos outros artigos aqui do blog, assume um papel muito importante para a percep\u00e7\u00e3o est\u00e9tica do espa\u00e7o. Isso significa que a paleta usada no <strong>arm\u00e1rio para lavanderia<\/strong> tamb\u00e9m deve considerar esse aspecto, e, claro, combinar com a linguagem visual da casa.<\/p>\n\n\n\n<figure class=\"wp-block-gallery has-nested-images columns-default is-cropped wp-block-gallery-6 is-layout-flex wp-block-gallery-is-layout-flex\">\n<figure class=\"wp-block-image size-full\"><img loading=\"lazy\" decoding=\"async\" width=\"1920\" height=\"1080\" sizes=\"(max-width: 1920px) 100vw, 1920px\" data-id=\"54809\" src=\"https:\/\/finger.ind.br\/wp-content\/uploads\/2025\/07\/Lavanderia-1.jpg\" alt=\"\" class=\"wp-image-54809\" srcset=\"https:\/\/finger.ind.br\/wp-content\/uploads\/2025\/07\/Lavanderia-1.jpg 1920w, https:\/\/finger.ind.br\/wp-content\/uploads\/2025\/07\/Lavanderia-1-300x169.jpg 300w, https:\/\/finger.ind.br\/wp-content\/uploads\/2025\/07\/Lavanderia-1-1024x576.jpg 1024w, https:\/\/finger.ind.br\/wp-content\/uploads\/2025\/07\/Lavanderia-1-768x432.jpg 768w, https:\/\/finger.ind.br\/wp-content\/uploads\/2025\/07\/Lavanderia-1-1536x864.jpg 1536w\" \/><\/figure>\n\n\n\n<figure class=\"wp-block-image size-full\"><img loading=\"lazy\" decoding=\"async\" width=\"1200\" height=\"700\" sizes=\"(max-width: 1200px) 100vw, 1200px\" data-id=\"55060\" src=\"https:\/\/finger.ind.br\/wp-content\/uploads\/2025\/07\/lavanderia-04-essenz-land.jpg\" alt=\"lavanderia-04-essenz-land\" class=\"wp-image-55060\" srcset=\"https:\/\/finger.ind.br\/wp-content\/uploads\/2025\/07\/lavanderia-04-essenz-land.jpg 1200w, https:\/\/finger.ind.br\/wp-content\/uploads\/2025\/07\/lavanderia-04-essenz-land-300x175.jpg 300w, https:\/\/finger.ind.br\/wp-content\/uploads\/2025\/07\/lavanderia-04-essenz-land-1024x597.jpg 1024w, https:\/\/finger.ind.br\/wp-content\/uploads\/2025\/07\/lavanderia-04-essenz-land-768x448.jpg 768w\" \/><\/figure>\n\n\n\n<figure class=\"wp-block-image size-full\"><img loading=\"lazy\" decoding=\"async\" width=\"1200\" height=\"700\" sizes=\"(max-width: 1200px) 100vw, 1200px\" data-id=\"55054\" src=\"https:\/\/finger.ind.br\/wp-content\/uploads\/2025\/07\/lavanderia-02-basalt-feld-grau-hund.jpg\" alt=\"lavanderia-02-basalt-feld-grau-hund\" class=\"wp-image-55054\" srcset=\"https:\/\/finger.ind.br\/wp-content\/uploads\/2025\/07\/lavanderia-02-basalt-feld-grau-hund.jpg 1200w, https:\/\/finger.ind.br\/wp-content\/uploads\/2025\/07\/lavanderia-02-basalt-feld-grau-hund-300x175.jpg 300w, https:\/\/finger.ind.br\/wp-content\/uploads\/2025\/07\/lavanderia-02-basalt-feld-grau-hund-1024x597.jpg 1024w, https:\/\/finger.ind.br\/wp-content\/uploads\/2025\/07\/lavanderia-02-basalt-feld-grau-hund-768x448.jpg 768w\" \/><\/figure>\n\n\n\n<figure class=\"wp-block-image size-full\"><img loading=\"lazy\" decoding=\"async\" width=\"1200\" height=\"700\" sizes=\"(max-width: 1200px) 100vw, 1200px\" data-id=\"55051\" src=\"https:\/\/finger.ind.br\/wp-content\/uploads\/2025\/07\/lavanderia-01-branco.jpg\" alt=\"lavanderia-01-branco\" class=\"wp-image-55051\" srcset=\"https:\/\/finger.ind.br\/wp-content\/uploads\/2025\/07\/lavanderia-01-branco.jpg 1200w, https:\/\/finger.ind.br\/wp-content\/uploads\/2025\/07\/lavanderia-01-branco-300x175.jpg 300w, https:\/\/finger.ind.br\/wp-content\/uploads\/2025\/07\/lavanderia-01-branco-1024x597.jpg 1024w, https:\/\/finger.ind.br\/wp-content\/uploads\/2025\/07\/lavanderia-01-branco-768x448.jpg 768w\" \/><\/figure>\n\n\n\n<figure class=\"wp-block-image size-full\"><img loading=\"lazy\" decoding=\"async\" width=\"1200\" height=\"700\" sizes=\"(max-width: 1200px) 100vw, 1200px\" data-id=\"55057\" src=\"https:\/\/finger.ind.br\/wp-content\/uploads\/2025\/07\/lavanderia-03-glatt.jpg\" alt=\"lavanderia-03-glatt\" class=\"wp-image-55057\" srcset=\"https:\/\/finger.ind.br\/wp-content\/uploads\/2025\/07\/lavanderia-03-glatt.jpg 1200w, https:\/\/finger.ind.br\/wp-content\/uploads\/2025\/07\/lavanderia-03-glatt-300x175.jpg 300w, https:\/\/finger.ind.br\/wp-content\/uploads\/2025\/07\/lavanderia-03-glatt-1024x597.jpg 1024w, https:\/\/finger.ind.br\/wp-content\/uploads\/2025\/07\/lavanderia-03-glatt-768x448.jpg 768w\" \/><\/figure>\n\n\n\n<figure class=\"wp-block-image size-full\"><img loading=\"lazy\" decoding=\"async\" width=\"1200\" height=\"700\" sizes=\"(max-width: 1200px) 100vw, 1200px\" data-id=\"55063\" src=\"https:\/\/finger.ind.br\/wp-content\/uploads\/2025\/07\/lavanderia-05-faser-tuchi-senna-ferruge.jpg\" alt=\"lavanderia-05-faser-tuchi-senna-ferruge\" class=\"wp-image-55063\" srcset=\"https:\/\/finger.ind.br\/wp-content\/uploads\/2025\/07\/lavanderia-05-faser-tuchi-senna-ferruge.jpg 1200w, https:\/\/finger.ind.br\/wp-content\/uploads\/2025\/07\/lavanderia-05-faser-tuchi-senna-ferruge-300x175.jpg 300w, https:\/\/finger.ind.br\/wp-content\/uploads\/2025\/07\/lavanderia-05-faser-tuchi-senna-ferruge-1024x597.jpg 1024w, https:\/\/finger.ind.br\/wp-content\/uploads\/2025\/07\/lavanderia-05-faser-tuchi-senna-ferruge-768x448.jpg 768w\" \/><\/figure>\n<\/figure>\n\n\n\n<p>Voc\u00ea tamb\u00e9m pode gostar | <a href=\"https:\/\/finger.ind.br\/es\/blog\/moveis-planejados-para-lavanderia\/\">M\u00f3veis planejados para lavanderia: veja quais n\u00e3o podem faltar<\/a><\/p>\n\n\n\n<h2 class=\"wp-block-heading\"><strong>Tipos de arm\u00e1rio para lavanderia<\/strong><\/h2>\n\n\n\n<p>Podemos categorizar o <strong>arm\u00e1rio para lavanderia planejado<\/strong> em quatro tipos: a\u00e9reo, gabinete, multiuso e arm\u00e1rio com t\u00e1bua de passar.&nbsp;&nbsp;<\/p>\n\n\n\n<h3 class=\"wp-block-heading\"><strong>Arm\u00e1rio a\u00e9reo de lavanderia<\/strong><\/h3>\n\n\n\n<p>O a\u00e9reo \u00e9 aquele m\u00f3vel que fica suspenso na parede, geralmente em cima do tanque ou da m\u00e1quina de lavar ou secar.&nbsp;<\/p>\n\n\n\n<p>Por ficar elevado, as pessoas usam ele para otimizar o espa\u00e7o (muitas vezes compacto), e preservar itens mais leves e que n\u00e3o trazem perigo durante o manuseio (tipo panos, toalhas e prendedores).<\/p>\n\n\n\n<h3 class=\"wp-block-heading\"><strong>Gabinete<\/strong><\/h3>\n\n\n\n<p>O gabinete, por sua vez, \u00e9 um m\u00f3vel para lavanderia que fica instalado abaixo do tanque ou ent\u00e3o nos lados da m\u00e1quina. Ele \u00e9 projetado para ficar no ch\u00e3o, sendo usado para preservar itens como baldes, produtos de limpeza, escovas, entre outros.<\/p>\n\n\n\n<h3 class=\"wp-block-heading\"><strong>Multiuso<\/strong><\/h3>\n\n\n\n<p>J\u00e1 o multiuso, como o pr\u00f3prio nome sugere, assume v\u00e1rias fun\u00e7\u00f5es. Podemos us\u00e1-lo para organizar produtos dom\u00e9sticos, mas, por possuir diversos compartimentos, tamb\u00e9m podemos us\u00e1-lo para acomodar diferentes utens\u00edlios.&nbsp;<\/p>\n\n\n\n<figure class=\"wp-block-gallery has-nested-images columns-default is-cropped wp-block-gallery-7 is-layout-flex wp-block-gallery-is-layout-flex\">\n<figure class=\"wp-block-image size-full\"><img loading=\"lazy\" decoding=\"async\" width=\"1200\" height=\"700\" sizes=\"(max-width: 1200px) 100vw, 1200px\" data-id=\"55647\" src=\"https:\/\/finger.ind.br\/wp-content\/uploads\/2025\/07\/Lavanderia-Projeto-RKARQ-Execucao-Edy-Planejados-Foto-Leo-Goncalves.jpg\" alt=\"Lavanderia Projeto RKARQ - Execu\u00e7\u00e3o Edy Planejados - Foto Leo Gon\u00e7alves\" class=\"wp-image-55647\" srcset=\"https:\/\/finger.ind.br\/wp-content\/uploads\/2025\/07\/Lavanderia-Projeto-RKARQ-Execucao-Edy-Planejados-Foto-Leo-Goncalves.jpg 1200w, https:\/\/finger.ind.br\/wp-content\/uploads\/2025\/07\/Lavanderia-Projeto-RKARQ-Execucao-Edy-Planejados-Foto-Leo-Goncalves-300x175.jpg 300w, https:\/\/finger.ind.br\/wp-content\/uploads\/2025\/07\/Lavanderia-Projeto-RKARQ-Execucao-Edy-Planejados-Foto-Leo-Goncalves-1024x597.jpg 1024w, https:\/\/finger.ind.br\/wp-content\/uploads\/2025\/07\/Lavanderia-Projeto-RKARQ-Execucao-Edy-Planejados-Foto-Leo-Goncalves-768x448.jpg 768w\" \/><figcaption class=\"wp-element-caption\">Projeto: RKARQ<br>Execu\u00e7\u00e3o: Edy Planejados<br>Foto: Leo Gon\u00e7alves<\/figcaption><\/figure>\n\n\n\n<figure class=\"wp-block-image size-full\"><img loading=\"lazy\" decoding=\"async\" width=\"1707\" height=\"2560\" sizes=\"(max-width: 1707px) 100vw, 1707px\" data-id=\"53427\" src=\"https:\/\/finger.ind.br\/wp-content\/uploads\/2025\/03\/lavanderia-funcional-7-estrategias-para-tornar-o-ambiente-mais-pratico-e-bonito-4-scaled.jpg\" alt=\"Detalhe de uma lavanderia integrada a cozinha, onde a m\u00e1quina de lavar est\u00e1 embutida na marcenaria com m\u00f3vel para o tanque ao lado.\" class=\"wp-image-53427\" srcset=\"https:\/\/finger.ind.br\/wp-content\/uploads\/2025\/03\/lavanderia-funcional-7-estrategias-para-tornar-o-ambiente-mais-pratico-e-bonito-4-scaled.jpg 1707w, https:\/\/finger.ind.br\/wp-content\/uploads\/2025\/03\/lavanderia-funcional-7-estrategias-para-tornar-o-ambiente-mais-pratico-e-bonito-4-200x300.jpg 200w, https:\/\/finger.ind.br\/wp-content\/uploads\/2025\/03\/lavanderia-funcional-7-estrategias-para-tornar-o-ambiente-mais-pratico-e-bonito-4-683x1024.jpg 683w, https:\/\/finger.ind.br\/wp-content\/uploads\/2025\/03\/lavanderia-funcional-7-estrategias-para-tornar-o-ambiente-mais-pratico-e-bonito-4-768x1152.jpg 768w, https:\/\/finger.ind.br\/wp-content\/uploads\/2025\/03\/lavanderia-funcional-7-estrategias-para-tornar-o-ambiente-mais-pratico-e-bonito-4-1024x1536.jpg 1024w, https:\/\/finger.ind.br\/wp-content\/uploads\/2025\/03\/lavanderia-funcional-7-estrategias-para-tornar-o-ambiente-mais-pratico-e-bonito-4-1365x2048.jpg 1365w\" \/><figcaption class=\"wp-element-caption\">Projeto: @rkarq | Execu\u00e7\u00e3o: @edyplanejados.oficial @fingeroficial &#8211; Foto: Leo Gon\u00e7alves<\/figcaption><\/figure>\n\n\n\n<figure class=\"wp-block-image size-full\"><img loading=\"lazy\" decoding=\"async\" width=\"2121\" height=\"1414\" sizes=\"(max-width: 2121px) 100vw, 2121px\" data-id=\"44671\" src=\"https:\/\/finger.ind.br\/wp-content\/uploads\/2022\/06\/post-thumbnail-c92bf7d8ea6ac3cf40634c78b2046424.jpeg\" alt=\"m\u00f3veis planejados para lavanderia\" class=\"wp-image-44671\" srcset=\"https:\/\/finger.ind.br\/wp-content\/uploads\/2022\/06\/post-thumbnail-c92bf7d8ea6ac3cf40634c78b2046424.jpeg 2121w, https:\/\/finger.ind.br\/wp-content\/uploads\/2022\/06\/post-thumbnail-c92bf7d8ea6ac3cf40634c78b2046424-300x200.jpeg 300w, https:\/\/finger.ind.br\/wp-content\/uploads\/2022\/06\/post-thumbnail-c92bf7d8ea6ac3cf40634c78b2046424-1024x683.jpeg 1024w, https:\/\/finger.ind.br\/wp-content\/uploads\/2022\/06\/post-thumbnail-c92bf7d8ea6ac3cf40634c78b2046424-768x512.jpeg 768w, https:\/\/finger.ind.br\/wp-content\/uploads\/2022\/06\/post-thumbnail-c92bf7d8ea6ac3cf40634c78b2046424-1536x1024.jpeg 1536w, https:\/\/finger.ind.br\/wp-content\/uploads\/2022\/06\/post-thumbnail-c92bf7d8ea6ac3cf40634c78b2046424-2048x1365.jpeg 2048w\" \/><\/figure>\n<\/figure>\n\n\n\n<p>Esse \u00e9 o tipo de m\u00f3vel excelente quando a lavanderia tem um espa\u00e7o muito limitado e a fam\u00edlia precisa aproveitar cada cent\u00edmetro dispon\u00edvel.<\/p>\n\n\n\n<h3 class=\"wp-block-heading\"><strong>Arm\u00e1rio com t\u00e1bua<\/strong><\/h3>\n\n\n\n<p>Por \u00faltimo, planejamos o arm\u00e1rio com t\u00e1bua para integrar a \u00e1rea de passar roupas. Lares que possuem mais espa\u00e7amento na lavanderia recorrem a esse tipo de m\u00f3vel para facilitar o trabalho de passar e manter tudo concentrado no mesmo ambiente.<\/p>\n\n\n\n<figure class=\"wp-block-gallery has-nested-images columns-4 is-cropped wp-block-gallery-8 is-layout-flex wp-block-gallery-is-layout-flex\">\n<figure class=\"wp-block-image size-full\"><img loading=\"lazy\" decoding=\"async\" width=\"1440\" height=\"2560\" sizes=\"(max-width: 1440px) 100vw, 1440px\" data-id=\"27704\" src=\"https:\/\/finger.ind.br\/wp-content\/uploads\/2021\/08\/como-fazer-uma-lavanderia-pequena-planejada-7-dicas-1-scaled.jpg\" alt=\"t\u00e1bua de passar lavanderia pequena planejada\" class=\"wp-image-27704\" srcset=\"https:\/\/finger.ind.br\/wp-content\/uploads\/2021\/08\/como-fazer-uma-lavanderia-pequena-planejada-7-dicas-1-scaled.jpg 1440w, https:\/\/finger.ind.br\/wp-content\/uploads\/2021\/08\/como-fazer-uma-lavanderia-pequena-planejada-7-dicas-1-169x300.jpg 169w, https:\/\/finger.ind.br\/wp-content\/uploads\/2021\/08\/como-fazer-uma-lavanderia-pequena-planejada-7-dicas-1-576x1024.jpg 576w, https:\/\/finger.ind.br\/wp-content\/uploads\/2021\/08\/como-fazer-uma-lavanderia-pequena-planejada-7-dicas-1-768x1365.jpg 768w, https:\/\/finger.ind.br\/wp-content\/uploads\/2021\/08\/como-fazer-uma-lavanderia-pequena-planejada-7-dicas-1-864x1536.jpg 864w, https:\/\/finger.ind.br\/wp-content\/uploads\/2021\/08\/como-fazer-uma-lavanderia-pequena-planejada-7-dicas-1-1152x2048.jpg 1152w\" \/><figcaption class=\"wp-element-caption\">Projeto e execu\u00e7\u00e3o: Atrativa Finger Concordia<\/figcaption><\/figure>\n\n\n\n<figure class=\"wp-block-image size-full\"><img loading=\"lazy\" decoding=\"async\" width=\"1440\" height=\"2560\" sizes=\"(max-width: 1440px) 100vw, 1440px\" data-id=\"27701\" src=\"https:\/\/finger.ind.br\/wp-content\/uploads\/2021\/08\/como-fazer-uma-lavanderia-pequena-planejada-7-dicas-scaled.jpg\" alt=\"lavanderia pequena planejada tulha roupa suja\" class=\"wp-image-27701\" srcset=\"https:\/\/finger.ind.br\/wp-content\/uploads\/2021\/08\/como-fazer-uma-lavanderia-pequena-planejada-7-dicas-scaled.jpg 1440w, https:\/\/finger.ind.br\/wp-content\/uploads\/2021\/08\/como-fazer-uma-lavanderia-pequena-planejada-7-dicas-169x300.jpg 169w, https:\/\/finger.ind.br\/wp-content\/uploads\/2021\/08\/como-fazer-uma-lavanderia-pequena-planejada-7-dicas-576x1024.jpg 576w, https:\/\/finger.ind.br\/wp-content\/uploads\/2021\/08\/como-fazer-uma-lavanderia-pequena-planejada-7-dicas-768x1365.jpg 768w, https:\/\/finger.ind.br\/wp-content\/uploads\/2021\/08\/como-fazer-uma-lavanderia-pequena-planejada-7-dicas-864x1536.jpg 864w, https:\/\/finger.ind.br\/wp-content\/uploads\/2021\/08\/como-fazer-uma-lavanderia-pequena-planejada-7-dicas-1152x2048.jpg 1152w\" \/><figcaption class=\"wp-element-caption\">Projeto e execu\u00e7\u00e3o: Atrativa Finger Concordia<\/figcaption><\/figure>\n\n\n\n<figure class=\"wp-block-image size-full\"><img loading=\"lazy\" decoding=\"async\" width=\"1440\" height=\"2560\" sizes=\"(max-width: 1440px) 100vw, 1440px\" data-id=\"27707\" src=\"https:\/\/finger.ind.br\/wp-content\/uploads\/2021\/08\/como-fazer-uma-lavanderia-pequena-planejada-7-dicas-2-scaled.jpg\" alt=\"lavanderia pequena planejada\" class=\"wp-image-27707\" srcset=\"https:\/\/finger.ind.br\/wp-content\/uploads\/2021\/08\/como-fazer-uma-lavanderia-pequena-planejada-7-dicas-2-scaled.jpg 1440w, https:\/\/finger.ind.br\/wp-content\/uploads\/2021\/08\/como-fazer-uma-lavanderia-pequena-planejada-7-dicas-2-169x300.jpg 169w, https:\/\/finger.ind.br\/wp-content\/uploads\/2021\/08\/como-fazer-uma-lavanderia-pequena-planejada-7-dicas-2-576x1024.jpg 576w, https:\/\/finger.ind.br\/wp-content\/uploads\/2021\/08\/como-fazer-uma-lavanderia-pequena-planejada-7-dicas-2-768x1365.jpg 768w, https:\/\/finger.ind.br\/wp-content\/uploads\/2021\/08\/como-fazer-uma-lavanderia-pequena-planejada-7-dicas-2-864x1536.jpg 864w, https:\/\/finger.ind.br\/wp-content\/uploads\/2021\/08\/como-fazer-uma-lavanderia-pequena-planejada-7-dicas-2-1152x2048.jpg 1152w\" \/><figcaption class=\"wp-element-caption\">Projeto e execu\u00e7\u00e3o: Atrativa Finger Concordia<\/figcaption><\/figure>\n\n\n\n<figure class=\"wp-block-image size-full\"><img loading=\"lazy\" decoding=\"async\" width=\"1024\" height=\"598\" sizes=\"(max-width: 1024px) 100vw, 1024px\" data-id=\"27711\" src=\"https:\/\/finger.ind.br\/wp-content\/uploads\/2021\/08\/como-fazer-uma-lavanderia-pequena-planejada-7-dicas-3.jpg\" alt=\"lavanderia pequena planejada\" class=\"wp-image-27711\" srcset=\"https:\/\/finger.ind.br\/wp-content\/uploads\/2021\/08\/como-fazer-uma-lavanderia-pequena-planejada-7-dicas-3.jpg 1024w, https:\/\/finger.ind.br\/wp-content\/uploads\/2021\/08\/como-fazer-uma-lavanderia-pequena-planejada-7-dicas-3-300x175.jpg 300w, https:\/\/finger.ind.br\/wp-content\/uploads\/2021\/08\/como-fazer-uma-lavanderia-pequena-planejada-7-dicas-3-768x449.jpg 768w\" \/><figcaption class=\"wp-element-caption\">Projeto e execu\u00e7\u00e3o: Atrativa Finger Concordia<\/figcaption><\/figure>\n<\/figure>\n\n\n\n<h2 class=\"wp-block-heading\"><strong>Escolhendo o seu tipo ideal de arm\u00e1rio para lavanderia planejado<\/strong><\/h2>\n\n\n\n<p>A decis\u00e3o precisa come\u00e7ar pela avalia\u00e7\u00e3o das necessidades do morador e da fam\u00edlia: o que se espera conservar no arm\u00e1rio?&nbsp;<\/p>\n\n\n\n<p>Uma vez que definirmos isso, ser\u00e1 necess\u00e1rio:<\/p>\n\n\n\n<ul class=\"wp-block-list\">\n<li>Avaliar a metragem para definir o tamanho do m\u00f3vel;<\/li>\n\n\n\n<li>Analisar o layout da lavanderia;<\/li>\n\n\n\n<li>Escolher os materiais adequados;<\/li>\n\n\n\n<li>Definir compartimentos internos inteligentes;<\/li>\n\n\n\n<li>E alinhar o design do <strong>arm\u00e1rio para lavanderia<\/strong> com a est\u00e9tica da resid\u00eancia.<strong><br><\/strong><\/li>\n<\/ul>\n\n\n\n<p>Absolutamente tudo que envolve um lar luxuoso de alto padr\u00e3o precisa ser planejado \u2014 desde espa\u00e7os menores como a lavanderia, at\u00e9 c\u00f4modos mais robustos como sala, cozinha e quartos.<\/p>\n\n\n\n<p>Tenha isso em mente quando for planejar a sua casa, e, claro, conte com empresas especializadas em m\u00f3veis planejados como a Finger para transformar o seu lar em um sonho.<\/p>\n\n\n\n<p>J\u00e1 est\u00e1 na fase de planejamento? <a href=\"https:\/\/proposta.finger.ind.br\/\">Solicite uma proposta online<\/a> ou <a href=\"https:\/\/finger.ind.br\/showrooms\/\">visite um de nossos showrooms mais pr\u00f3ximos<\/a> para conhecer o nosso trabalho!&nbsp;<\/p>\n\n\n\n<h2 class=\"wp-block-heading\"><strong>FAQ<\/strong><\/h2>\n\n\n\n<h3 class=\"wp-block-heading\"><strong>Qual o melhor material para arm\u00e1rio de lavanderia?<\/strong><\/h3>\n\n\n\n<p>O material mais indicado para <strong>arm\u00e1rios de lavanderia<\/strong> \u00e9 o MDP\/MDF com revestimento em BP ou Lacklaminat, pois oferece boa resist\u00eancia, acabamento elegante e estabilidade ao longo do tempo.<\/p>\n\n\n\n<h3 class=\"wp-block-heading\"><strong>Como posso organizar o arm\u00e1rio da minha lavanderia?<\/strong><\/h3>\n\n\n\n<p>A organiza\u00e7\u00e3o come\u00e7a separando os itens por tipo de uso. Produtos de lavagem, como sab\u00e3o, amaciante e alvejante, podem ficar nas prateleiras principais, sempre ao alcance das m\u00e3os. Itens menores, como pregadores e panos de limpeza, ficam melhor guardados em caixas ou pequenos compartimentos. J\u00e1 objetos maiores, como baldes e produtos de limpeza, devem ocupar a parte inferior do arm\u00e1rio.<\/p>\n\n\n\n<h3 class=\"wp-block-heading\"><strong>O que considerar antes de planejar uma lavanderia?<\/strong><\/h3>\n\n\n\n<p>Antes de planejar uma lavanderia, \u00e9 importante avaliar quais equipamentos e itens far\u00e3o parte do espa\u00e7o: m\u00e1quina de lavar ou lava e seca, aspirador de p\u00f3, t\u00e1bua de passar, escada e produtos de limpeza. Tamb\u00e9m vale prever \u00e1reas de apoio, como um espa\u00e7o para dobrar roupas e um local para pendurar pe\u00e7as j\u00e1 passadas.<\/p>\n","protected":false},"excerpt":{"rendered":"<p>\u201cPor que o local dedicado \u00e0 lavagem de roupas precisa de um arm\u00e1rio para lavanderia?\u201d Essa \u00e9 uma pergunta bastante comum entre os propriet\u00e1rios que est\u00e3o estruturando ou reformando seus ambientes; e existe um motivo do porque questionarem. A lavanderia, em muitos projetos residenciais, \u00e9 um espa\u00e7o naturalmente compacto, pensado para cumprir uma fun\u00e7\u00e3o puramente [&hellip;]<\/p>\n","protected":false},"author":1,"featured_media":213635,"comment_status":"closed","ping_status":"closed","sticky":false,"template":"","format":"standard","meta":{"_acf_changed":false,"footnotes":""},"categories":[247],"tags":[291,1407,2268,952],"class_list":["post-213631","post","type-post","status-publish","format-standard","has-post-thumbnail","hentry","category-ambientes-es","tag-dicas-finger","tag-lavanderia","tag-lavanderia-planejada","tag-moveis-planejados"],"acf":[],"yoast_head":"<!-- This site is optimized with the Yoast SEO plugin v27.4 - https:\/\/yoast.com\/product\/yoast-seo-wordpress\/ -->\n<title>Arm\u00e1rio para lavanderia: m\u00f3vel necess\u00e1rio que valoriza o c\u00f4modo - Finger M\u00f3veis Planejados<\/title>\n<meta name=\"description\" content=\"Por que o local dedicado \u00e0 lavagem de roupas precisa de um arm\u00e1rio para lavanderia? O time Finger responde!\" \/>\n<meta name=\"robots\" content=\"index, follow, max-snippet:-1, max-image-preview:large, max-video-preview:-1\" \/>\n<link rel=\"canonical\" href=\"https:\/\/finger.ind.br\/es\/blog\/armario-para-lavanderia\/\" \/>\n<meta property=\"og:locale\" content=\"es_ES\" \/>\n<meta property=\"og:type\" content=\"article\" \/>\n<meta property=\"og:title\" content=\"Arm\u00e1rio para lavanderia: m\u00f3vel necess\u00e1rio que valoriza o c\u00f4modo - Finger M\u00f3veis Planejados\" \/>\n<meta property=\"og:description\" content=\"Por que o local dedicado \u00e0 lavagem de roupas precisa de um arm\u00e1rio para lavanderia? O time Finger responde!\" \/>\n<meta property=\"og:url\" content=\"https:\/\/finger.ind.br\/es\/blog\/armario-para-lavanderia\/\" \/>\n<meta property=\"og:site_name\" content=\"Finger M\u00f3veis Planejados\" \/>\n<meta property=\"article:published_time\" content=\"2026-04-27T10:11:00+00:00\" \/>\n<meta property=\"og:image\" content=\"https:\/\/finger.ind.br\/wp-content\/uploads\/2026\/03\/armario-para-lavanderia-movel-necessario-que-valoriza-o-comodo-1.png\" \/>\n\t<meta property=\"og:image:width\" content=\"1200\" \/>\n\t<meta property=\"og:image:height\" content=\"800\" \/>\n\t<meta property=\"og:image:type\" content=\"image\/png\" \/>\n<meta name=\"author\" content=\"Equipe de Marketing da Finger\" \/>\n<meta name=\"twitter:card\" content=\"summary_large_image\" \/>\n<meta name=\"twitter:label1\" content=\"Escrito por\" \/>\n\t<meta name=\"twitter:data1\" content=\"Equipe de Marketing da Finger\" \/>\n\t<meta name=\"twitter:label2\" content=\"Tiempo de lectura\" \/>\n\t<meta name=\"twitter:data2\" content=\"7 minutos\" \/>\n<script type=\"application\/ld+json\" class=\"yoast-schema-graph\">{\"@context\":\"https:\\\/\\\/schema.org\",\"@graph\":[{\"@type\":\"Article\",\"@id\":\"https:\\\/\\\/finger.ind.br\\\/es\\\/blog\\\/armario-para-lavanderia\\\/#article\",\"isPartOf\":{\"@id\":\"https:\\\/\\\/finger.ind.br\\\/es\\\/blog\\\/armario-para-lavanderia\\\/\"},\"author\":{\"name\":\"Equipe de Marketing da Finger\",\"@id\":\"https:\\\/\\\/finger.ind.br\\\/es\\\/2025\\\/#\\\/schema\\\/person\\\/b0dadd3d47e35e2466e3879f929496a7\"},\"headline\":\"Arm\u00e1rio para lavanderia: m\u00f3vel necess\u00e1rio que valoriza o c\u00f4modo\",\"datePublished\":\"2026-04-27T10:11:00+00:00\",\"mainEntityOfPage\":{\"@id\":\"https:\\\/\\\/finger.ind.br\\\/es\\\/blog\\\/armario-para-lavanderia\\\/\"},\"wordCount\":1450,\"image\":{\"@id\":\"https:\\\/\\\/finger.ind.br\\\/es\\\/blog\\\/armario-para-lavanderia\\\/#primaryimage\"},\"thumbnailUrl\":\"https:\\\/\\\/finger.ind.br\\\/wp-content\\\/uploads\\\/2026\\\/03\\\/armario-para-lavanderia-movel-necessario-que-valoriza-o-comodo-1.png\",\"keywords\":[\"dicas finger\",\"lavanderia\",\"lavanderia planejada\",\"moveis planejados\"],\"articleSection\":[\"Ambientes\"],\"inLanguage\":\"es\"},{\"@type\":\"WebPage\",\"@id\":\"https:\\\/\\\/finger.ind.br\\\/es\\\/blog\\\/armario-para-lavanderia\\\/\",\"url\":\"https:\\\/\\\/finger.ind.br\\\/es\\\/blog\\\/armario-para-lavanderia\\\/\",\"name\":\"Arm\u00e1rio para lavanderia: m\u00f3vel necess\u00e1rio que valoriza o c\u00f4modo - Finger M\u00f3veis Planejados\",\"isPartOf\":{\"@id\":\"https:\\\/\\\/finger.ind.br\\\/es\\\/2025\\\/#website\"},\"primaryImageOfPage\":{\"@id\":\"https:\\\/\\\/finger.ind.br\\\/es\\\/blog\\\/armario-para-lavanderia\\\/#primaryimage\"},\"image\":{\"@id\":\"https:\\\/\\\/finger.ind.br\\\/es\\\/blog\\\/armario-para-lavanderia\\\/#primaryimage\"},\"thumbnailUrl\":\"https:\\\/\\\/finger.ind.br\\\/wp-content\\\/uploads\\\/2026\\\/03\\\/armario-para-lavanderia-movel-necessario-que-valoriza-o-comodo-1.png\",\"datePublished\":\"2026-04-27T10:11:00+00:00\",\"author\":{\"@id\":\"https:\\\/\\\/finger.ind.br\\\/es\\\/2025\\\/#\\\/schema\\\/person\\\/b0dadd3d47e35e2466e3879f929496a7\"},\"description\":\"Por que o local dedicado \u00e0 lavagem de roupas precisa de um arm\u00e1rio para lavanderia? O time Finger responde!\",\"breadcrumb\":{\"@id\":\"https:\\\/\\\/finger.ind.br\\\/es\\\/blog\\\/armario-para-lavanderia\\\/#breadcrumb\"},\"inLanguage\":\"es\",\"potentialAction\":[{\"@type\":\"ReadAction\",\"target\":[\"https:\\\/\\\/finger.ind.br\\\/es\\\/blog\\\/armario-para-lavanderia\\\/\"]}]},{\"@type\":\"ImageObject\",\"inLanguage\":\"es\",\"@id\":\"https:\\\/\\\/finger.ind.br\\\/es\\\/blog\\\/armario-para-lavanderia\\\/#primaryimage\",\"url\":\"https:\\\/\\\/finger.ind.br\\\/wp-content\\\/uploads\\\/2026\\\/03\\\/armario-para-lavanderia-movel-necessario-que-valoriza-o-comodo-1.png\",\"contentUrl\":\"https:\\\/\\\/finger.ind.br\\\/wp-content\\\/uploads\\\/2026\\\/03\\\/armario-para-lavanderia-movel-necessario-que-valoriza-o-comodo-1.png\",\"width\":1200,\"height\":800},{\"@type\":\"BreadcrumbList\",\"@id\":\"https:\\\/\\\/finger.ind.br\\\/es\\\/blog\\\/armario-para-lavanderia\\\/#breadcrumb\",\"itemListElement\":[{\"@type\":\"ListItem\",\"position\":1,\"name\":\"In\u00edcio\",\"item\":\"https:\\\/\\\/finger.ind.br\\\/es\\\/\"},{\"@type\":\"ListItem\",\"position\":2,\"name\":\"Arm\u00e1rio para lavanderia: m\u00f3vel necess\u00e1rio que valoriza o c\u00f4modo\"}]},{\"@type\":\"WebSite\",\"@id\":\"https:\\\/\\\/finger.ind.br\\\/es\\\/2025\\\/#website\",\"url\":\"https:\\\/\\\/finger.ind.br\\\/es\\\/2025\\\/\",\"name\":\"Finger M\u00f3veis Planejados\",\"description\":\"A precis\u00e3o alem\u00e3 com o melhor do design.\",\"potentialAction\":[{\"@type\":\"SearchAction\",\"target\":{\"@type\":\"EntryPoint\",\"urlTemplate\":\"https:\\\/\\\/finger.ind.br\\\/es\\\/2025\\\/?s={search_term_string}\"},\"query-input\":{\"@type\":\"PropertyValueSpecification\",\"valueRequired\":true,\"valueName\":\"search_term_string\"}}],\"inLanguage\":\"es\"},{\"@type\":\"Person\",\"@id\":\"https:\\\/\\\/finger.ind.br\\\/es\\\/2025\\\/#\\\/schema\\\/person\\\/b0dadd3d47e35e2466e3879f929496a7\",\"name\":\"Equipe de Marketing da Finger\",\"image\":{\"@type\":\"ImageObject\",\"inLanguage\":\"es\",\"@id\":\"https:\\\/\\\/finger.ind.br\\\/wp-content\\\/litespeed\\\/avatar\\\/9251eb63f7c9629dc8bff91afa5d75e9.jpg?ver=1777471378\",\"url\":\"https:\\\/\\\/finger.ind.br\\\/wp-content\\\/litespeed\\\/avatar\\\/9251eb63f7c9629dc8bff91afa5d75e9.jpg?ver=1777471378\",\"contentUrl\":\"https:\\\/\\\/finger.ind.br\\\/wp-content\\\/litespeed\\\/avatar\\\/9251eb63f7c9629dc8bff91afa5d75e9.jpg?ver=1777471378\",\"caption\":\"Equipe de Marketing da Finger\"},\"url\":\"https:\\\/\\\/finger.ind.br\\\/es\\\/blog\\\/author\\\/upside\\\/\"}]}<\/script>\n<!-- \/ Yoast SEO plugin. -->","yoast_head_json":{"title":"Arm\u00e1rio para lavanderia: m\u00f3vel necess\u00e1rio que valoriza o c\u00f4modo - Finger M\u00f3veis Planejados","description":"Por que o local dedicado \u00e0 lavagem de roupas precisa de um arm\u00e1rio para lavanderia? O time Finger responde!","robots":{"index":"index","follow":"follow","max-snippet":"max-snippet:-1","max-image-preview":"max-image-preview:large","max-video-preview":"max-video-preview:-1"},"canonical":"https:\/\/finger.ind.br\/es\/blog\/armario-para-lavanderia\/","og_locale":"es_ES","og_type":"article","og_title":"Arm\u00e1rio para lavanderia: m\u00f3vel necess\u00e1rio que valoriza o c\u00f4modo - Finger M\u00f3veis Planejados","og_description":"Por que o local dedicado \u00e0 lavagem de roupas precisa de um arm\u00e1rio para lavanderia? O time Finger responde!","og_url":"https:\/\/finger.ind.br\/es\/blog\/armario-para-lavanderia\/","og_site_name":"Finger M\u00f3veis Planejados","article_published_time":"2026-04-27T10:11:00+00:00","og_image":[{"width":1200,"height":800,"url":"https:\/\/finger.ind.br\/wp-content\/uploads\/2026\/03\/armario-para-lavanderia-movel-necessario-que-valoriza-o-comodo-1.png","type":"image\/png"}],"author":"Equipe de Marketing da Finger","twitter_card":"summary_large_image","twitter_misc":{"Escrito por":"Equipe de Marketing da Finger","Tiempo de lectura":"7 minutos"},"schema":{"@context":"https:\/\/schema.org","@graph":[{"@type":"Article","@id":"https:\/\/finger.ind.br\/es\/blog\/armario-para-lavanderia\/#article","isPartOf":{"@id":"https:\/\/finger.ind.br\/es\/blog\/armario-para-lavanderia\/"},"author":{"name":"Equipe de Marketing da Finger","@id":"https:\/\/finger.ind.br\/es\/2025\/#\/schema\/person\/b0dadd3d47e35e2466e3879f929496a7"},"headline":"Arm\u00e1rio para lavanderia: m\u00f3vel necess\u00e1rio que valoriza o c\u00f4modo","datePublished":"2026-04-27T10:11:00+00:00","mainEntityOfPage":{"@id":"https:\/\/finger.ind.br\/es\/blog\/armario-para-lavanderia\/"},"wordCount":1450,"image":{"@id":"https:\/\/finger.ind.br\/es\/blog\/armario-para-lavanderia\/#primaryimage"},"thumbnailUrl":"https:\/\/finger.ind.br\/wp-content\/uploads\/2026\/03\/armario-para-lavanderia-movel-necessario-que-valoriza-o-comodo-1.png","keywords":["dicas finger","lavanderia","lavanderia planejada","moveis planejados"],"articleSection":["Ambientes"],"inLanguage":"es"},{"@type":"WebPage","@id":"https:\/\/finger.ind.br\/es\/blog\/armario-para-lavanderia\/","url":"https:\/\/finger.ind.br\/es\/blog\/armario-para-lavanderia\/","name":"Arm\u00e1rio para lavanderia: m\u00f3vel necess\u00e1rio que valoriza o c\u00f4modo - Finger M\u00f3veis Planejados","isPartOf":{"@id":"https:\/\/finger.ind.br\/es\/2025\/#website"},"primaryImageOfPage":{"@id":"https:\/\/finger.ind.br\/es\/blog\/armario-para-lavanderia\/#primaryimage"},"image":{"@id":"https:\/\/finger.ind.br\/es\/blog\/armario-para-lavanderia\/#primaryimage"},"thumbnailUrl":"https:\/\/finger.ind.br\/wp-content\/uploads\/2026\/03\/armario-para-lavanderia-movel-necessario-que-valoriza-o-comodo-1.png","datePublished":"2026-04-27T10:11:00+00:00","author":{"@id":"https:\/\/finger.ind.br\/es\/2025\/#\/schema\/person\/b0dadd3d47e35e2466e3879f929496a7"},"description":"Por que o local dedicado \u00e0 lavagem de roupas precisa de um arm\u00e1rio para lavanderia? O time Finger responde!","breadcrumb":{"@id":"https:\/\/finger.ind.br\/es\/blog\/armario-para-lavanderia\/#breadcrumb"},"inLanguage":"es","potentialAction":[{"@type":"ReadAction","target":["https:\/\/finger.ind.br\/es\/blog\/armario-para-lavanderia\/"]}]},{"@type":"ImageObject","inLanguage":"es","@id":"https:\/\/finger.ind.br\/es\/blog\/armario-para-lavanderia\/#primaryimage","url":"https:\/\/finger.ind.br\/wp-content\/uploads\/2026\/03\/armario-para-lavanderia-movel-necessario-que-valoriza-o-comodo-1.png","contentUrl":"https:\/\/finger.ind.br\/wp-content\/uploads\/2026\/03\/armario-para-lavanderia-movel-necessario-que-valoriza-o-comodo-1.png","width":1200,"height":800},{"@type":"BreadcrumbList","@id":"https:\/\/finger.ind.br\/es\/blog\/armario-para-lavanderia\/#breadcrumb","itemListElement":[{"@type":"ListItem","position":1,"name":"In\u00edcio","item":"https:\/\/finger.ind.br\/es\/"},{"@type":"ListItem","position":2,"name":"Arm\u00e1rio para lavanderia: m\u00f3vel necess\u00e1rio que valoriza o c\u00f4modo"}]},{"@type":"WebSite","@id":"https:\/\/finger.ind.br\/es\/2025\/#website","url":"https:\/\/finger.ind.br\/es\/2025\/","name":"Finger M\u00f3veis Planejados","description":"A precis\u00e3o alem\u00e3 com o melhor do design.","potentialAction":[{"@type":"SearchAction","target":{"@type":"EntryPoint","urlTemplate":"https:\/\/finger.ind.br\/es\/2025\/?s={search_term_string}"},"query-input":{"@type":"PropertyValueSpecification","valueRequired":true,"valueName":"search_term_string"}}],"inLanguage":"es"},{"@type":"Person","@id":"https:\/\/finger.ind.br\/es\/2025\/#\/schema\/person\/b0dadd3d47e35e2466e3879f929496a7","name":"Equipe de Marketing da Finger","image":{"@type":"ImageObject","inLanguage":"es","@id":"https:\/\/finger.ind.br\/wp-content\/litespeed\/avatar\/9251eb63f7c9629dc8bff91afa5d75e9.jpg?ver=1777471378","url":"https:\/\/finger.ind.br\/wp-content\/litespeed\/avatar\/9251eb63f7c9629dc8bff91afa5d75e9.jpg?ver=1777471378","contentUrl":"https:\/\/finger.ind.br\/wp-content\/litespeed\/avatar\/9251eb63f7c9629dc8bff91afa5d75e9.jpg?ver=1777471378","caption":"Equipe de Marketing da Finger"},"url":"https:\/\/finger.ind.br\/es\/blog\/author\/upside\/"}]}},"amp_enabled":true,"_links":{"self":[{"href":"https:\/\/finger.ind.br\/es\/wp-json\/wp\/v2\/posts\/213631","targetHints":{"allow":["GET"]}}],"collection":[{"href":"https:\/\/finger.ind.br\/es\/wp-json\/wp\/v2\/posts"}],"about":[{"href":"https:\/\/finger.ind.br\/es\/wp-json\/wp\/v2\/types\/post"}],"author":[{"embeddable":true,"href":"https:\/\/finger.ind.br\/es\/wp-json\/wp\/v2\/users\/1"}],"replies":[{"embeddable":true,"href":"https:\/\/finger.ind.br\/es\/wp-json\/wp\/v2\/comments?post=213631"}],"version-history":[{"count":3,"href":"https:\/\/finger.ind.br\/es\/wp-json\/wp\/v2\/posts\/213631\/revisions"}],"predecessor-version":[{"id":214243,"href":"https:\/\/finger.ind.br\/es\/wp-json\/wp\/v2\/posts\/213631\/revisions\/214243"}],"wp:featuredmedia":[{"embeddable":true,"href":"https:\/\/finger.ind.br\/es\/wp-json\/wp\/v2\/media\/213635"}],"wp:attachment":[{"href":"https:\/\/finger.ind.br\/es\/wp-json\/wp\/v2\/media?parent=213631"}],"wp:term":[{"taxonomy":"category","embeddable":true,"href":"https:\/\/finger.ind.br\/es\/wp-json\/wp\/v2\/categories?post=213631"},{"taxonomy":"post_tag","embeddable":true,"href":"https:\/\/finger.ind.br\/es\/wp-json\/wp\/v2\/tags?post=213631"}],"curies":[{"name":"wp","href":"https:\/\/api.w.org\/{rel}","templated":true}]}}