{"id":27580,"date":"2021-09-16T07:22:17","date_gmt":"2021-09-16T10:22:17","guid":{"rendered":"https:\/\/finger.ind.br\/?p=27580"},"modified":"2021-09-16T07:22:17","modified_gmt":"2021-09-16T10:22:17","slug":"meu-primeiro-apartamento","status":"publish","type":"post","link":"https:\/\/finger.ind.br\/es\/blog\/meu-primeiro-apartamento\/","title":{"rendered":"Como mobiliar o meu primeiro apartamento? Saiba aqui 11 dicas de como otimizar seu espa\u00e7o."},"content":{"rendered":"<p>Ao iniciar a aventura de decorar e organizar o seu <a href=\"https:\/\/finger.ind.br\/es\/blog\/planejar-a-reforma\/\">im\u00f3vel<\/a>, \u00e9 natural que a empolga\u00e7\u00e3o tome conta. Afinal, quem n\u00e3o passou anos imaginando como seria cada cantinho? No entanto, esse momento pode vir acompanhado de d\u00favidas. E \u201ccomo mobiliar e decorar meu primeiro apartamento de forma harmoniosa e funcional\u201d \u00e9 uma quest\u00e3o que muitos se fazem.<\/p>\n<p>Se voc\u00ea est\u00e1 nesse momento de descobertas e decis\u00f5es, continue a leitura e conhe\u00e7a algumas dicas essenciais para transformar seu espa\u00e7o. Vamos l\u00e1?<\/p>\n<p><img loading=\"lazy\" decoding=\"async\" class=\"size-large wp-image-27774 aligncenter\" src=\"https:\/\/finger.ind.br\/wp-content\/uploads\/2021\/08\/como-mobiliar-o-meu-primeiro-apartamento-saiba-aqui-4-dicas-de-como-otimizar-seu-espaco-1024x590.jpg\" alt=\"meu primeiro apartamento\" width=\"1024\" height=\"590\" srcset=\"https:\/\/finger.ind.br\/wp-content\/uploads\/2021\/08\/como-mobiliar-o-meu-primeiro-apartamento-saiba-aqui-4-dicas-de-como-otimizar-seu-espaco-1024x590.jpg 1024w, https:\/\/finger.ind.br\/wp-content\/uploads\/2021\/08\/como-mobiliar-o-meu-primeiro-apartamento-saiba-aqui-4-dicas-de-como-otimizar-seu-espaco-300x173.jpg 300w, https:\/\/finger.ind.br\/wp-content\/uploads\/2021\/08\/como-mobiliar-o-meu-primeiro-apartamento-saiba-aqui-4-dicas-de-como-otimizar-seu-espaco-768x442.jpg 768w, https:\/\/finger.ind.br\/wp-content\/uploads\/2021\/08\/como-mobiliar-o-meu-primeiro-apartamento-saiba-aqui-4-dicas-de-como-otimizar-seu-espaco-1536x884.jpg 1536w, https:\/\/finger.ind.br\/wp-content\/uploads\/2021\/08\/como-mobiliar-o-meu-primeiro-apartamento-saiba-aqui-4-dicas-de-como-otimizar-seu-espaco-2048x1179.jpg 2048w\" sizes=\"(max-width: 1024px) 100vw, 1024px\" \/><\/p>\n<h2>1. Fa\u00e7a uma lista de desejos e necessidades<\/h2>\n<p>Ao planejar a decora\u00e7\u00e3o e organiza\u00e7\u00e3o do \u00abmeu primeiro apartamento\u00bb, \u00e9 essencial considerar os desejos e necessidades de todos os moradores. Refletindo sobre isso, fica mais f\u00e1cil estabelecer prioridades. Por exemplo, se trabalhar em casa \u00e9 parte da sua rotina, um <a href=\"https:\/\/finger.ind.br\/es\/blog\/melhorar-home-office\/\">home office<\/a> confort\u00e1vel e funcional se torna indispens\u00e1vel.<\/p>\n<p><img loading=\"lazy\" decoding=\"async\" class=\"aligncenter wp-image-27728 size-large\" src=\"https:\/\/finger.ind.br\/wp-content\/uploads\/2021\/08\/voce-conhece-algum-app-para-decorar-casa-nos-te-apresentamos-4-2-1024x683.jpg\" alt=\"meu primeiro apartamento\" width=\"1024\" height=\"683\" srcset=\"https:\/\/finger.ind.br\/wp-content\/uploads\/2021\/08\/voce-conhece-algum-app-para-decorar-casa-nos-te-apresentamos-4-2-1024x683.jpg 1024w, https:\/\/finger.ind.br\/wp-content\/uploads\/2021\/08\/voce-conhece-algum-app-para-decorar-casa-nos-te-apresentamos-4-2-300x200.jpg 300w, https:\/\/finger.ind.br\/wp-content\/uploads\/2021\/08\/voce-conhece-algum-app-para-decorar-casa-nos-te-apresentamos-4-2-768x512.jpg 768w, https:\/\/finger.ind.br\/wp-content\/uploads\/2021\/08\/voce-conhece-algum-app-para-decorar-casa-nos-te-apresentamos-4-2-1536x1024.jpg 1536w, https:\/\/finger.ind.br\/wp-content\/uploads\/2021\/08\/voce-conhece-algum-app-para-decorar-casa-nos-te-apresentamos-4-2-2048x1365.jpg 2048w\" sizes=\"(max-width: 1024px) 100vw, 1024px\" \/><\/p>\n<p>\u00c9 crucial tamb\u00e9m ponderar sobre as prefer\u00eancias familiares. Ser\u00e1 que uma sala aconchegante \u00e9 mais importante que uma <a href=\"https:\/\/finger.ind.br\/es\/blog\/cozinha-elegante\/\">cozinha<\/a> bem equipada? Essas reflex\u00f5es guiam as decis\u00f5es sobre o que priorizar.<\/p>\n<p>Al\u00e9m disso, discutir pontos de concord\u00e2ncia e desacordo entre os moradores \u00e9 fundamental. Se algu\u00e9m deseja uma cor ou estilo de m\u00f3vel que n\u00e3o harmoniza com o restante, \u00e9 hora de buscar um consenso.<\/p>\n<h2>2. Entenda o estilo que combina mais com voc\u00ea e a fam\u00edlia<\/h2>\n<p>A casa deve ser um ref\u00fagio onde todos os moradores se sintam \u00e0 vontade, e isso passa pela escolha do estilo de <a href=\"https:\/\/finger.ind.br\/es\/blog\/decoracao-simples\/\" target=\"_blank\" rel=\"noopener noreferrer\">decora\u00e7\u00e3o<\/a>\u00a0. Enquanto voc\u00ea pode ser f\u00e3 de um design moderno com linhas geom\u00e9tricas e cores vibrantes, outros podem preferir nuances mais neutras. Reconhecendo essas diferen\u00e7as, \u00e9 poss\u00edvel buscar um equil\u00edbrio, mesclando estilos para que todos se vejam representados no ambiente.<\/p>\n<div id=\"attachment_47052\" style=\"width: 1034px\" class=\"wp-caption aligncenter\"><img loading=\"lazy\" decoding=\"async\" aria-describedby=\"caption-attachment-47052\" class=\"size-large wp-image-47052\" src=\"https:\/\/finger.ind.br\/wp-content\/uploads\/2019\/06\/6-dicas-para-montar-seu-quarto-de-casal-planejado-1024x683.jpg\" alt=\"projeto de m\u00f3veis planejados\" width=\"1024\" height=\"683\" srcset=\"https:\/\/finger.ind.br\/wp-content\/uploads\/2019\/06\/6-dicas-para-montar-seu-quarto-de-casal-planejado-1024x683.jpg 1024w, https:\/\/finger.ind.br\/wp-content\/uploads\/2019\/06\/6-dicas-para-montar-seu-quarto-de-casal-planejado-300x200.jpg 300w, https:\/\/finger.ind.br\/wp-content\/uploads\/2019\/06\/6-dicas-para-montar-seu-quarto-de-casal-planejado-768x512.jpg 768w, https:\/\/finger.ind.br\/wp-content\/uploads\/2019\/06\/6-dicas-para-montar-seu-quarto-de-casal-planejado-1536x1024.jpg 1536w, https:\/\/finger.ind.br\/wp-content\/uploads\/2019\/06\/6-dicas-para-montar-seu-quarto-de-casal-planejado-2048x1365.jpg 2048w\" sizes=\"(max-width: 1024px) 100vw, 1024px\" \/><p id=\"caption-attachment-47052\" class=\"wp-caption-text\">Projeto: Juliana Bortolato &#8211; Execu\u00e7\u00e3o: Finger USA &#8211; Foto: Feitosa Films Production<\/p><\/div>\n<p>Aqui, a comunica\u00e7\u00e3o \u00e9 chave: ao discutir juntos as prefer\u00eancias e expectativas, n\u00e3o s\u00f3 se fortalece o v\u00ednculo familiar, mas tamb\u00e9m se constr\u00f3i um lar repleto de mem\u00f3rias e significados para todos.<\/p>\n<h2>3. Pense em funcionalidade<\/h2>\n<p>Outro ponto importante que voc\u00ea deve considerar \u00e9 a funcionalidade dos c\u00f4modos. Afinal, al\u00e9m de belos, eles precisam atender as suas demandas no dia a dia. N\u00e3o adianta, por exemplo, ter uma\u00a0<a href=\"https:\/\/finger.ind.br\/es\/blog\/moveis-de-cozinha-planejados\/\" target=\"_blank\" rel=\"noopener noreferrer\">cozinha<\/a> linda, mas que est\u00e1 sempre desorganizada, porque voc\u00ea n\u00e3o consegue deixar as pe\u00e7as necess\u00e1rias pr\u00f3ximas para suas atividades.<\/p>\n<div id=\"attachment_49648\" style=\"width: 1034px\" class=\"wp-caption aligncenter\"><img loading=\"lazy\" decoding=\"async\" aria-describedby=\"caption-attachment-49648\" class=\"size-large wp-image-49648\" src=\"https:\/\/finger.ind.br\/wp-content\/uploads\/2021\/09\/como-mobiliar-o-meu-primeiro-apartamento-saiba-aqui-4-dicas-de-como-otimizar-seu-espaco-1-1024x683.jpg\" alt=\"\" width=\"1024\" height=\"683\" srcset=\"https:\/\/finger.ind.br\/wp-content\/uploads\/2021\/09\/como-mobiliar-o-meu-primeiro-apartamento-saiba-aqui-4-dicas-de-como-otimizar-seu-espaco-1-1024x683.jpg 1024w, https:\/\/finger.ind.br\/wp-content\/uploads\/2021\/09\/como-mobiliar-o-meu-primeiro-apartamento-saiba-aqui-4-dicas-de-como-otimizar-seu-espaco-1-300x200.jpg 300w, https:\/\/finger.ind.br\/wp-content\/uploads\/2021\/09\/como-mobiliar-o-meu-primeiro-apartamento-saiba-aqui-4-dicas-de-como-otimizar-seu-espaco-1-768x512.jpg 768w, https:\/\/finger.ind.br\/wp-content\/uploads\/2021\/09\/como-mobiliar-o-meu-primeiro-apartamento-saiba-aqui-4-dicas-de-como-otimizar-seu-espaco-1-1536x1024.jpg 1536w, https:\/\/finger.ind.br\/wp-content\/uploads\/2021\/09\/como-mobiliar-o-meu-primeiro-apartamento-saiba-aqui-4-dicas-de-como-otimizar-seu-espaco-1-2048x1365.jpg 2048w\" sizes=\"(max-width: 1024px) 100vw, 1024px\" \/><p id=\"caption-attachment-49648\" class=\"wp-caption-text\">Projeto: Juliana Bortolato &#8211; Execu\u00e7\u00e3o: Finger USA &#8211; Foto: Feitosa Films Production<\/p><\/div>\n<p>Quando voc\u00ea come\u00e7ar a dar aquele toque especial no seu apartamento, lembre-se de buscar uma mistura interessante entre estilo, beleza e praticidade. Dessa forma, voc\u00ea n\u00e3o s\u00f3 ter\u00e1 um cantinho com a sua cara, mas tamb\u00e9m um espa\u00e7o que facilita o seu dia a dia. Afinal, quem n\u00e3o quer viver em um lugar lindo e ao mesmo tempo super funcional, n\u00e3o \u00e9 mesmo?<\/p>\n<p>Portanto, pense em m\u00f3veis que, al\u00e9m de embelezar, otimizam o espa\u00e7o. Por exemplo, um puff com ba\u00fa na sala pode servir tanto como elemento decorativo quanto como local de armazenamento para almofadas do sof\u00e1-cama, estando pronto para acomodar visitas inesperadas.<\/p>\n<h2>4. Verticalize os espa\u00e7os<\/h2>\n<p>Uma dica bem interessante para quem est\u00e1 vivendo o sonho do meu primeiro apartamento \u00e9 verticalizar o espa\u00e7o com os m\u00f3veis. Al\u00e9m de poder proporcionar melhor aproveitamento, tamb\u00e9m ajuda a deixar o ambiente ainda mais bonito e funcional.<\/p>\n<div id=\"attachment_27103\" style=\"width: 1034px\" class=\"wp-caption aligncenter\"><img loading=\"lazy\" decoding=\"async\" aria-describedby=\"caption-attachment-27103\" class=\"wp-image-27103 size-large\" src=\"https:\/\/finger.ind.br\/wp-content\/uploads\/2021\/07\/home-1-1024x576.jpg\" alt=\"home office escuro com boiserie freijo\" width=\"1024\" height=\"576\" srcset=\"https:\/\/finger.ind.br\/wp-content\/uploads\/2021\/07\/home-1-1024x576.jpg 1024w, https:\/\/finger.ind.br\/wp-content\/uploads\/2021\/07\/home-1-300x169.jpg 300w, https:\/\/finger.ind.br\/wp-content\/uploads\/2021\/07\/home-1-768x432.jpg 768w, https:\/\/finger.ind.br\/wp-content\/uploads\/2021\/07\/home-1.jpg 1334w\" sizes=\"(max-width: 1024px) 100vw, 1024px\" \/><p id=\"caption-attachment-27103\" class=\"wp-caption-text\">Projeto: Mateus Sohne<\/p><\/div>\n<p>Quer ver uma dica interessante? No seu escrit\u00f3rio, conte com\u00a0<a href=\"https:\/\/finger.ind.br\/es\/blog\/nichos-na-decoracao\/\" target=\"_blank\" rel=\"noopener noreferrer\">nichos<\/a>\u00a0e <a href=\"https:\/\/finger.ind.br\/es\/blog\/decoracao-com-prateleira\/\">prateleiras<\/a>. Voc\u00ea pode utilizar o espa\u00e7o para colocar livros que ajudam em seu trabalho ou estudo, posicionar impressora, mesclando com quadros, <a href=\"https:\/\/finger.ind.br\/es\/blog\/beneficios-das-plantas-em-casa\/\">plantas<\/a>, entre outros objetos decorativos.<\/p>\n<h2>5. Conte com espa\u00e7os integrados<\/h2>\n<p>Uma grande aposta para os tempos atuais e que ajuda a proporcionar ambientes mais modernos e espa\u00e7osos \u00e9 a cria\u00e7\u00e3o de ambientes integrados. Ou seja, a ideia aqui \u00e9 romper a separa\u00e7\u00e3o de paredes entre c\u00f4modos.<\/p>\n<p>Por exemplo, que tal criar uma sala de estar integrada com a sala de jantar? Voc\u00ea pode quebrar a parede que separa os dois ambientes, criando maior fluidez. Mas ainda assim, voc\u00ea pode demarcar a diferen\u00e7a entre os espa\u00e7os.<\/p>\n<p>Isso pode ser feito, inclusive, com m\u00f3veis. Uma dica bem interessante \u00e9 utilizar uma <a href=\"https:\/\/finger.ind.br\/es\/blog\/estantes-divisoria-de-ambientes\/\" target=\"_blank\" rel=\"noopener noreferrer\">estante como divis\u00f3ria dos ambientes<\/a>. Ela pode ser vazada (ou seja, n\u00e3o ter um fundo) e <a href=\"https:\/\/finger.ind.br\/es\/blog\/decorar-estante\/\" target=\"_blank\" rel=\"noopener noreferrer\">ser utilizada para criar a decora\u00e7\u00e3o em cada ambiente<\/a>.<\/p>\n<h2>6. Aposte em uma boa ilumina\u00e7\u00e3o<\/h2>\n<p>A <a href=\"https:\/\/finger.ind.br\/es\/blog\/tipos-de-iluminacao\/\">ilumina\u00e7\u00e3o<\/a> n\u00e3o serve apenas para que voc\u00ea se veja de maneira mais n\u00edtida. Pelo contr\u00e1rio, ela tem o poder de:<\/p>\n<div id=\"attachment_46576\" style=\"width: 1034px\" class=\"wp-caption aligncenter\"><img loading=\"lazy\" decoding=\"async\" aria-describedby=\"caption-attachment-46576\" class=\"size-large wp-image-46576\" src=\"https:\/\/finger.ind.br\/wp-content\/uploads\/2022\/04\/26-moveis-de-luxo-para-incorporar-na-decoracao-da-sua-casa-4-1024x683.jpg\" alt=\"cozinha gourmet living m\u00f3veis planejados de alto padr\u00e3o - luxo\" width=\"1024\" height=\"683\" srcset=\"https:\/\/finger.ind.br\/wp-content\/uploads\/2022\/04\/26-moveis-de-luxo-para-incorporar-na-decoracao-da-sua-casa-4-1024x683.jpg 1024w, https:\/\/finger.ind.br\/wp-content\/uploads\/2022\/04\/26-moveis-de-luxo-para-incorporar-na-decoracao-da-sua-casa-4-300x200.jpg 300w, https:\/\/finger.ind.br\/wp-content\/uploads\/2022\/04\/26-moveis-de-luxo-para-incorporar-na-decoracao-da-sua-casa-4-768x512.jpg 768w, https:\/\/finger.ind.br\/wp-content\/uploads\/2022\/04\/26-moveis-de-luxo-para-incorporar-na-decoracao-da-sua-casa-4-1536x1024.jpg 1536w, https:\/\/finger.ind.br\/wp-content\/uploads\/2022\/04\/26-moveis-de-luxo-para-incorporar-na-decoracao-da-sua-casa-4-2048x1365.jpg 2048w\" sizes=\"(max-width: 1024px) 100vw, 1024px\" \/><p id=\"caption-attachment-46576\" class=\"wp-caption-text\">Casa em Winter Garden &#8211; Fl\u00f3rida<br \/>Projeto: Juliana Bortolato &#8211; Execu\u00e7\u00e3o: Finger USA &#8211; Fotos: Feitosa Films Production<\/p><\/div>\n<ul>\n<li>transformar ambientes: uma luz bem-posicionada, por exemplo, pode fazer seu apartamento parecer mais acolhedor, amplo e at\u00e9 mesmo mais sofisticado;<\/li>\n<li>criar sensa\u00e7\u00f5es: uma lumin\u00e1ria pendente sobre uma mesa de jantar, por exemplo, ou spots direcionados que destacam obras de arte ou detalhes arquitet\u00f4nicos;<\/li>\n<li>e destacar o que h\u00e1 de melhor no seu espa\u00e7o: as fitas de <a href=\"https:\/\/finger.ind.br\/es\/blog\/iluminacao-de-led\/\" target=\"_blank\" rel=\"noopener noreferrer\">LED<\/a> s\u00e3o modernas e flex\u00edveis, podendo ser usadas para iluminar prateleiras, criar contornos ou proporcionar ilumina\u00e7\u00e3o suave atr\u00e1s de pain\u00e9is de TV. Com variedade de cores, adaptam-se a qualquer estilo desejado.<\/li>\n<\/ul>\n<p>E n\u00e3o deixe de aproveitar, tamb\u00e9m, a luz natural. A <a href=\"https:\/\/finger.ind.br\/es\/blog\/posicao-solar-para-construcao\/\">presen\u00e7a do sol<\/a> em um ambiente n\u00e3o apenas eleva o \u00e2nimo, mas tamb\u00e9m traz uma sensa\u00e7\u00e3o de frescor e vivacidade. Portanto, sempre que poss\u00edvel, permita que ela flua livremente. Seja por meio de janelas amplas, <a href=\"https:\/\/finger.ind.br\/es\/blog\/cortina-ou-persiana\/\">cortinas<\/a> transl\u00facidas ou, como mencionado anteriormente, refletida em espelhos, a luz do dia tem o poder de energizar e revitalizar qualquer espa\u00e7o.<\/p>\n<h2>7. Opte por m\u00f3veis planejados<\/h2>\n<p>Sabe aquela sensa\u00e7\u00e3o de querer que tudo no seu primeiro apartamento seja perfeito? Ent\u00e3o, uma dica de ouro \u00e9 investir em m\u00f3veis planejados. Eles s\u00e3o a combina\u00e7\u00e3o perfeita de <a href=\"https:\/\/finger.ind.br\/es\/blog\/finger-moveis-planejados\/\">qualidade<\/a>, funcionalidade e estilo. E o melhor? Voc\u00ea pode dar o seu toque pessoal, fazendo com que cada cantinho tenha a sua cara. Legal, n\u00e9?<\/p>\n<div id=\"attachment_46266\" style=\"width: 2570px\" class=\"wp-caption aligncenter\"><img loading=\"lazy\" decoding=\"async\" aria-describedby=\"caption-attachment-46266\" class=\"wp-image-46266 size-full\" src=\"https:\/\/finger.ind.br\/wp-content\/uploads\/2021\/09\/como-mobiliar-o-meu-primeiro-apartamento-saiba-aqui-4-dicas-de-como-otimizar-seu-espaco-scaled.jpg\" alt=\"sala integrada com m\u00f3veis planejados meu primeiro apartamento\" width=\"2560\" height=\"1707\" srcset=\"https:\/\/finger.ind.br\/wp-content\/uploads\/2021\/09\/como-mobiliar-o-meu-primeiro-apartamento-saiba-aqui-4-dicas-de-como-otimizar-seu-espaco-scaled.jpg 2560w, https:\/\/finger.ind.br\/wp-content\/uploads\/2021\/09\/como-mobiliar-o-meu-primeiro-apartamento-saiba-aqui-4-dicas-de-como-otimizar-seu-espaco-300x200.jpg 300w, https:\/\/finger.ind.br\/wp-content\/uploads\/2021\/09\/como-mobiliar-o-meu-primeiro-apartamento-saiba-aqui-4-dicas-de-como-otimizar-seu-espaco-1024x683.jpg 1024w, https:\/\/finger.ind.br\/wp-content\/uploads\/2021\/09\/como-mobiliar-o-meu-primeiro-apartamento-saiba-aqui-4-dicas-de-como-otimizar-seu-espaco-768x512.jpg 768w, https:\/\/finger.ind.br\/wp-content\/uploads\/2021\/09\/como-mobiliar-o-meu-primeiro-apartamento-saiba-aqui-4-dicas-de-como-otimizar-seu-espaco-1536x1024.jpg 1536w, https:\/\/finger.ind.br\/wp-content\/uploads\/2021\/09\/como-mobiliar-o-meu-primeiro-apartamento-saiba-aqui-4-dicas-de-como-otimizar-seu-espaco-2048x1365.jpg 2048w\" sizes=\"(max-width: 2560px) 100vw, 2560px\" \/><p id=\"caption-attachment-46266\" class=\"wp-caption-text\">Projeto Dani Bonatto Interiores &#8211; Execu\u00e7\u00e3o: Atrativa Finger de Conc\u00f3rdia &#8211; Fotos: J\u00falio Gomes Filho<\/p><\/div>\n<p>Imagine querer uma escrivaninha com <a href=\"https:\/\/finger.ind.br\/es\/blog\/acabamento-dos-moveis\/\">acabamento<\/a> fosco para seu <a href=\"https:\/\/finger.ind.br\/es\/blog\/moveis-para-estudo\/\" target=\"_blank\" rel=\"noopener noreferrer\">home office<\/a>. Ao contratar uma empresa especializada, ela pode criar exatamente isso para voc\u00ea, fazendo seu apartamento refletir verdadeiramente o seu estilo.<\/p>\n<p>Para alcan\u00e7ar esse n\u00edvel de <a href=\"https:\/\/finger.ind.br\/es\/blog\/personalizacao-de-moveis\/\">personaliza\u00e7\u00e3o<\/a>, \u00e9 importante contar com a expertise de um profissional, como um <a href=\"https:\/\/finger.ind.br\/es\/blog\/como-escolher-arquiteto\/\">arquiteto<\/a> ou designer, e uma loja especializada em m\u00f3veis sob medida, como a Finger.<\/p>\n<h2>8. Utilize espelhos<\/h2>\n<p>Quem nunca parou em frente a um <a href=\"https:\/\/finger.ind.br\/es\/blog\/moveis-com-espelho\/\" target=\"_blank\" rel=\"noopener noreferrer\">espelho<\/a> para dar aquela conferida no visual antes de sair? Mas, al\u00e9m de mostrar como voc\u00ea est\u00e1, eles t\u00eam um poder de transformar espa\u00e7os.<\/p>\n<p>Ao posicion\u00e1-los em locais estrat\u00e9gicos, t\u00eam a capacidade de capturar e multiplicar a luz, iluminando cantos escuros e dando vida a espa\u00e7os antes apagados. Devido a essa caracter\u00edstica, conseguem ampliar visualmente os ambientes, fazendo com que salas, corredores ou <a href=\"https:\/\/finger.ind.br\/es\/blog\/quarto-casal-clean-moderno-2\/\">quartos<\/a> pare\u00e7am mais vastos e arejados do que realmente s\u00e3o. \u00c9 como se, ao pendurar um espelho, voc\u00ea adicionasse um novo c\u00f4modo \u00e0 casa, sem a necessidade de reformas ou constru\u00e7\u00f5es.<\/p>\n<div id=\"attachment_48259\" style=\"width: 1034px\" class=\"wp-caption aligncenter\"><img loading=\"lazy\" decoding=\"async\" aria-describedby=\"caption-attachment-48259\" class=\"size-large wp-image-48259\" src=\"https:\/\/finger.ind.br\/wp-content\/uploads\/2019\/07\/quer-fazer-a-decoracao-de-uma-sala-pequena-veja-nossas-dicas-3-1024x768.jpeg\" alt=\"sala\" width=\"1024\" height=\"768\" srcset=\"https:\/\/finger.ind.br\/wp-content\/uploads\/2019\/07\/quer-fazer-a-decoracao-de-uma-sala-pequena-veja-nossas-dicas-3-1024x768.jpeg 1024w, https:\/\/finger.ind.br\/wp-content\/uploads\/2019\/07\/quer-fazer-a-decoracao-de-uma-sala-pequena-veja-nossas-dicas-3-300x225.jpeg 300w, https:\/\/finger.ind.br\/wp-content\/uploads\/2019\/07\/quer-fazer-a-decoracao-de-uma-sala-pequena-veja-nossas-dicas-3-768x576.jpeg 768w, https:\/\/finger.ind.br\/wp-content\/uploads\/2019\/07\/quer-fazer-a-decoracao-de-uma-sala-pequena-veja-nossas-dicas-3-1536x1152.jpeg 1536w, https:\/\/finger.ind.br\/wp-content\/uploads\/2019\/07\/quer-fazer-a-decoracao-de-uma-sala-pequena-veja-nossas-dicas-3.jpeg 2048w\" sizes=\"(max-width: 1024px) 100vw, 1024px\" \/><p id=\"caption-attachment-48259\" class=\"wp-caption-text\">Projeto: Op Interiors &#8211; Execu\u00e7\u00e3o: Finger USA<\/p><\/div>\n<p>E, como se n\u00e3o bastasse toda essa funcionalidade e est\u00e9tica, os espelhos s\u00e3o, muitas vezes, solu\u00e7\u00f5es econ\u00f4micas. Seja qual for o or\u00e7amento destinado \u00e0 decora\u00e7\u00e3o, \u00e9 quase certo que haver\u00e1 um modelo que se encaixe perfeitamente, tanto em termos de pre\u00e7o quanto de design. Portanto, ao refletir sobre como decorar o meu primeiro apartamento, n\u00e3o deixe de considerar esse item, certo?<\/p>\n<h2>9. Invista em m\u00f3veis multifuncionais<\/h2>\n<p>J\u00e1 imaginou ter um espa\u00e7o mais organizado e funcional? A solu\u00e7\u00e3o pode estar nos m\u00f3veis multifuncionais. Considere, por exemplo, um sof\u00e1. Naturalmente, ele convida ao descanso. Mas, imagine se ele tamb\u00e9m pudesse virar uma cama confort\u00e1vel? Seria a solu\u00e7\u00e3o perfeita para aquelas visitas inesperadas.<\/p>\n<p>Mas n\u00e3o para por a\u00ed. Imagine uma mesa de centro. \u00c0 primeira vista, ela \u00e9 o local perfeito para apoiar uma x\u00edcara de caf\u00e9 ou um livro. Mas, sob essa superf\u00edcie, podem existir gavetas e compartimentos ocultos, oferecendo espa\u00e7os adicionais de armazenamento. E o que dizer de uma escrivaninha que, com alguns ajustes, pode se tornar uma penteadeira elegante?<\/p>\n<p>A beleza desses m\u00f3veis n\u00e3o reside apenas em sua funcionalidade. Eles s\u00e3o, tamb\u00e9m, camale\u00f5es da decora\u00e7\u00e3o. Seja em um ambiente contempor\u00e2neo ou em um espa\u00e7o com toques <a href=\"https:\/\/finger.ind.br\/es\/blog\/decoracao-vintage\/\">vintage<\/a>, encontram seu lugar, adaptando-se e complementando a est\u00e9tica ao redor.<\/p>\n<h2>10. Fa\u00e7a prateleiras e nichos<\/h2>\n<p>As <a href=\"https:\/\/finger.ind.br\/es\/blog\/decoracao-com-prateleira\/\" target=\"_blank\" rel=\"noopener noreferrer\">prateleiras<\/a> e nichos representam uma abordagem inovadora e inteligente para maximizar o espa\u00e7o em nossos lares. Ao observar um ambiente, \u00e9 comum que nossa aten\u00e7\u00e3o se volte principalmente para o ch\u00e3o e os m\u00f3veis que ocupam o espa\u00e7o horizontal. No entanto, as paredes, muitas vezes negligenciadas, escondem um vasto potencial de armazenamento e <a href=\"https:\/\/finger.ind.br\/es\/blog\/decoracao-descolada\/\">decora\u00e7\u00e3o<\/a>.<\/p>\n<p>Al\u00e9m de sua funcionalidade, esses elementos trazem consigo uma est\u00e9tica contempor\u00e2nea. Eles permitem que voc\u00ea brinque com alturas, profundidades e disposi\u00e7\u00f5es, criando composi\u00e7\u00f5es din\u00e2micas e atraentes. E o melhor de tudo \u00e9 que, ao optar por prateleiras e nichos, voc\u00ea pode liberar espa\u00e7o no ch\u00e3o, evitando a necessidade de m\u00f3veis adicionais e volumosos.<\/p>\n<p><img loading=\"lazy\" decoding=\"async\" class=\"size-large wp-image-16246 aligncenter\" src=\"https:\/\/finger.ind.br\/wp-content\/uploads\/2020\/07\/home-17-1024x576.png\" alt=\"home office tom de bege e madeira escura - office do creator - m\u00f3veis personalizados\" width=\"1024\" height=\"576\" srcset=\"https:\/\/finger.ind.br\/wp-content\/uploads\/2020\/07\/home-17-1024x576.png 1024w, https:\/\/finger.ind.br\/wp-content\/uploads\/2020\/07\/home-17-300x169.png 300w, https:\/\/finger.ind.br\/wp-content\/uploads\/2020\/07\/home-17-768x432.png 768w, https:\/\/finger.ind.br\/wp-content\/uploads\/2020\/07\/home-17-1536x864.png 1536w, https:\/\/finger.ind.br\/wp-content\/uploads\/2020\/07\/home-17.png 2000w\" sizes=\"(max-width: 1024px) 100vw, 1024px\" \/><\/p>\n<p>E aqueles cantos e espa\u00e7os aparentemente in\u00fateis do apartamento? Eles podem ser transformados em \u00e1reas de destaque com a simples adi\u00e7\u00e3o de um nicho ou prateleira. Um canto antes esquecido pode se tornar um espa\u00e7o de <a href=\"https:\/\/finger.ind.br\/es\/blog\/decoracao-cantinho-da-leitura\/\">leitura<\/a> aconchegante, um local para exibir lembran\u00e7as de viagens ou at\u00e9 mesmo um mini jardim suspenso. Portanto, ao refletir sobre as escolhas do meu primeiro apartamento, n\u00e3o deixe de apostar nesses itens.<\/p>\n<h2>11. Aproveite espa\u00e7os subutilizados<\/h2>\n<p>Ao se mudar para o seu apartamento, voc\u00ea pode se sentir desafiado com o espa\u00e7o dispon\u00edvel. Mas, acredite, cada canto tem potencial, e muitas vezes, os espa\u00e7os que parecem menos \u00f3bvios s\u00e3o os que escondem as maiores oportunidades. Veja algumas dicas!<\/p>\n<h3>Espa\u00e7os sob escadas<\/h3>\n<p>Se no meu primeiro apartamento tiver um lance de escadas, o que devo fazer? Se essa d\u00favida paira sob a sua mente, aqui est\u00e3o algumas ideias:<\/p>\n<ul>\n<li>armazenamento inteligente: considere instalar gavetas ou <a href=\"https:\/\/finger.ind.br\/es\/blog\/beneficios-dos-armarios-planejados\/\">arm\u00e1rios<\/a> sob as escadas. S\u00e3o ideais para guardar itens que voc\u00ea n\u00e3o usa diariamente, como decora\u00e7\u00f5es sazonais ou equipamentos esportivos;<\/li>\n<li>cantinho de leitura: uma poltrona, uma lumin\u00e1ria e algumas prateleiras podem transformar esse espa\u00e7o em um aconchegante nicho para ler bons livros;<\/li>\n<li>mini-escrit\u00f3rio: se voc\u00ea trabalha em casa ou estuda, esse pode ser o local perfeito para montar um pequeno escrit\u00f3rio.<\/li>\n<\/ul>\n<h3>V\u00e3os e cantos<\/h3>\n<p>Nos apartamentos, cada cent\u00edmetro conta. Ent\u00e3o, por que n\u00e3o aproveitar ao m\u00e1ximo? Veja o que voc\u00ea pode fazer:<\/p>\n<ul>\n<li>armazenamento vertical: prateleiras ou arm\u00e1rios embutidos em v\u00e3os podem ser a solu\u00e7\u00e3o para manter tudo organizado;<\/li>\n<li>toque de verde: transforme um canto esquecido em um pequeno jardim interno. As <a href=\"https:\/\/finger.ind.br\/es\/blog\/plantas-para-apartamento\/\">plantas<\/a> v\u00e3o trazer vida e frescor ao ambiente;<\/li>\n<li>esta\u00e7\u00f5es de trabalho: mesmo um pequeno espa\u00e7o pode se tornar uma \u00e1rea produtiva com a mob\u00edlia certa e boa ilumina\u00e7\u00e3o.<\/li>\n<\/ul>\n<div id=\"attachment_46579\" style=\"width: 1034px\" class=\"wp-caption aligncenter\"><img loading=\"lazy\" decoding=\"async\" aria-describedby=\"caption-attachment-46579\" class=\"size-large wp-image-46579\" src=\"https:\/\/finger.ind.br\/wp-content\/uploads\/2022\/04\/26-moveis-de-luxo-para-incorporar-na-decoracao-da-sua-casa-5-1024x683.jpg\" alt=\"sala de estar m\u00f3veis planejados de luxo de alto padr\u00e3o\" width=\"1024\" height=\"683\" srcset=\"https:\/\/finger.ind.br\/wp-content\/uploads\/2022\/04\/26-moveis-de-luxo-para-incorporar-na-decoracao-da-sua-casa-5-1024x683.jpg 1024w, https:\/\/finger.ind.br\/wp-content\/uploads\/2022\/04\/26-moveis-de-luxo-para-incorporar-na-decoracao-da-sua-casa-5-300x200.jpg 300w, https:\/\/finger.ind.br\/wp-content\/uploads\/2022\/04\/26-moveis-de-luxo-para-incorporar-na-decoracao-da-sua-casa-5-768x512.jpg 768w, https:\/\/finger.ind.br\/wp-content\/uploads\/2022\/04\/26-moveis-de-luxo-para-incorporar-na-decoracao-da-sua-casa-5-1536x1024.jpg 1536w, https:\/\/finger.ind.br\/wp-content\/uploads\/2022\/04\/26-moveis-de-luxo-para-incorporar-na-decoracao-da-sua-casa-5-2048x1365.jpg 2048w\" sizes=\"(max-width: 1024px) 100vw, 1024px\" \/><p id=\"caption-attachment-46579\" class=\"wp-caption-text\">Casa em Winter Garden &#8211; Fl\u00f3rida<br \/>Projeto: Juliana Bortolato &#8211; Execu\u00e7\u00e3o: Finger USA &#8211; Fotos: Feitosa Films Production<\/p><\/div>\n<p>Viu como esses cantinhos do seu apartamento que parecem n\u00e3o ter utilidade podem se transformar em ambientes incr\u00edveis? Ao dar uma aten\u00e7\u00e3o especial a eles, voc\u00ea n\u00e3o s\u00f3 tira o m\u00e1ximo proveito de cada metro quadrado, mas tamb\u00e9m cria um espa\u00e7o que \u00e9 a sua cara e atende perfeitamente ao que voc\u00ea precisa.<\/p>\n<p>Ao longo deste artigo, voc\u00ea viu que, para conseguir responder \u00e0 pergunta \u201ccomo mobiliar meu primeiro apartamento?\u201d, \u00e9 importante definir as suas prioridades, entender o seu <a href=\"https:\/\/finger.ind.br\/es\/blog\/estilos-de-decoracao\/\">estilo<\/a>, e ter empresas parceiras ao seu lado, que consigam transformar os seus sonhos em realidade. E, nesse quesito, a Finger M\u00f3veis Planejados se destaca, oferecendo produtos de qualidade, com excel\u00eancia e criando os melhores ambientes para voc\u00ea aproveitar com a sua fam\u00edlia.<a href=\"\/?page_id=311\"><img loading=\"lazy\" decoding=\"async\" class=\"aligncenter size-large wp-image-25987\" src=\"https:\/\/finger.ind.br\/wp-content\/uploads\/2021\/05\/finger-banner-720x100-4-1024x143.jpg\" alt=\"solicite orcamento moveis planejados personalizados\" width=\"1024\" height=\"143\" srcset=\"https:\/\/finger.ind.br\/wp-content\/uploads\/2021\/05\/finger-banner-720x100-4-1024x143.jpg 1024w, https:\/\/finger.ind.br\/wp-content\/uploads\/2021\/05\/finger-banner-720x100-4-300x42.jpg 300w, https:\/\/finger.ind.br\/wp-content\/uploads\/2021\/05\/finger-banner-720x100-4-768x107.jpg 768w, https:\/\/finger.ind.br\/wp-content\/uploads\/2021\/05\/finger-banner-720x100-4.jpg 1501w\" sizes=\"(max-width: 1024px) 100vw, 1024px\" \/><\/a><\/p>\n<p>Quer deixar o seu lar confort\u00e1vel, funcional e aconchegante? <a href=\"\/?page_id=311\" target=\"_blank\" rel=\"noopener noreferrer\">Entre em contato<\/a>\u00a0agora mesmo e vamos conversar sobre o melhor projeto para sua casa.<\/p>\n","protected":false},"excerpt":{"rendered":"<p>Ao iniciar a aventura de decorar e organizar o seu im\u00f3vel, \u00e9 natural que a empolga\u00e7\u00e3o tome conta. Afinal, quem n\u00e3o passou anos imaginando como seria cada cantinho? No entanto, esse momento pode vir acompanhado de d\u00favidas. E \u201ccomo mobiliar e decorar meu primeiro apartamento de forma harmoniosa e funcional\u201d \u00e9 uma quest\u00e3o que muitos [&hellip;]<\/p>\n","protected":false},"author":9,"featured_media":27581,"comment_status":"closed","ping_status":"closed","sticky":false,"template":"","format":"standard","meta":{"_acf_changed":false,"footnotes":""},"categories":[1237,297,53,54],"tags":[1421,1245,1419,1420],"class_list":["post-27580","post","type-post","status-publish","format-standard","has-post-thumbnail","hentry","category-arquitetura","category-decoracao","category-design","category-dicas-finger","tag-ape-novo","tag-casa-nova","tag-minha-primeira-casa","tag-novo-imovel"],"acf":[],"yoast_head":"<!-- This site is optimized with the Yoast SEO plugin v27.4 - https:\/\/yoast.com\/product\/yoast-seo-wordpress\/ -->\n<title>Meu primeiro apartamento: confira 4 dicas para mobiliar e decorar<\/title>\n<meta name=\"description\" content=\"Uma pergunta que voc\u00ea deve estar se fazendo agora \u00e9: \u201cmas como mobiliar o meu primeiro apartamento?\u201d. Ent\u00e3o, continue lendo e confira!.\" \/>\n<meta name=\"robots\" content=\"index, follow, max-snippet:-1, max-image-preview:large, max-video-preview:-1\" \/>\n<link rel=\"canonical\" href=\"https:\/\/finger.ind.br\/es\/blog\/meu-primeiro-apartamento\/\" \/>\n<meta property=\"og:locale\" content=\"es_ES\" \/>\n<meta property=\"og:type\" content=\"article\" \/>\n<meta property=\"og:title\" content=\"Meu primeiro apartamento: confira 4 dicas para mobiliar e decorar\" \/>\n<meta property=\"og:description\" content=\"Uma pergunta que voc\u00ea deve estar se fazendo agora \u00e9: \u201cmas como mobiliar o meu primeiro apartamento?\u201d. Ent\u00e3o, continue lendo e confira!.\" \/>\n<meta property=\"og:url\" content=\"https:\/\/finger.ind.br\/es\/blog\/meu-primeiro-apartamento\/\" \/>\n<meta property=\"og:site_name\" content=\"Finger M\u00f3veis Planejados\" \/>\n<meta property=\"article:published_time\" content=\"2021-09-16T10:22:17+00:00\" \/>\n<meta property=\"og:image\" content=\"https:\/\/finger.ind.br\/wp-content\/uploads\/2021\/08\/post_thumbnail-43593c53876360ae2ba01549fae70e02.jpg\" \/>\n\t<meta property=\"og:image:width\" content=\"2119\" \/>\n\t<meta property=\"og:image:height\" content=\"1414\" \/>\n\t<meta property=\"og:image:type\" content=\"image\/jpeg\" \/>\n<meta name=\"author\" content=\"Francieli Kern\" \/>\n<meta name=\"twitter:card\" content=\"summary_large_image\" \/>\n<meta name=\"twitter:label1\" content=\"Escrito por\" \/>\n\t<meta name=\"twitter:data1\" content=\"Francieli Kern\" \/>\n\t<meta name=\"twitter:label2\" content=\"Tiempo de lectura\" \/>\n\t<meta name=\"twitter:data2\" content=\"4 minutos\" \/>\n<script type=\"application\/ld+json\" class=\"yoast-schema-graph\">{\"@context\":\"https:\\\/\\\/schema.org\",\"@graph\":[{\"@type\":\"Article\",\"@id\":\"https:\\\/\\\/finger.ind.br\\\/es\\\/blog\\\/meu-primeiro-apartamento\\\/#article\",\"isPartOf\":{\"@id\":\"https:\\\/\\\/finger.ind.br\\\/es\\\/blog\\\/meu-primeiro-apartamento\\\/\"},\"author\":{\"name\":\"Francieli Kern\",\"@id\":\"https:\\\/\\\/finger.ind.br\\\/es\\\/2025\\\/#\\\/schema\\\/person\\\/c43e909b5029e4bacad2ace8af7fbf7b\"},\"headline\":\"Como mobiliar o meu primeiro apartamento? Saiba aqui 11 dicas de como otimizar seu espa\u00e7o.\",\"datePublished\":\"2021-09-16T10:22:17+00:00\",\"mainEntityOfPage\":{\"@id\":\"https:\\\/\\\/finger.ind.br\\\/es\\\/blog\\\/meu-primeiro-apartamento\\\/\"},\"wordCount\":2147,\"image\":{\"@id\":\"https:\\\/\\\/finger.ind.br\\\/es\\\/blog\\\/meu-primeiro-apartamento\\\/#primaryimage\"},\"thumbnailUrl\":\"https:\\\/\\\/finger.ind.br\\\/wp-content\\\/uploads\\\/2021\\\/08\\\/post_thumbnail-43593c53876360ae2ba01549fae70e02.jpg\",\"keywords\":[\"ape novo\",\"casa nova\",\"minha primeira casa\",\"novo im\u00f3vel\"],\"articleSection\":[\"Arquitetura\",\"Decora\u00e7\u00e3o\",\"Design\",\"Dicas Finger\"],\"inLanguage\":\"es\"},{\"@type\":\"WebPage\",\"@id\":\"https:\\\/\\\/finger.ind.br\\\/es\\\/blog\\\/meu-primeiro-apartamento\\\/\",\"url\":\"https:\\\/\\\/finger.ind.br\\\/es\\\/blog\\\/meu-primeiro-apartamento\\\/\",\"name\":\"Meu primeiro apartamento: confira 4 dicas para mobiliar e decorar\",\"isPartOf\":{\"@id\":\"https:\\\/\\\/finger.ind.br\\\/es\\\/2025\\\/#website\"},\"primaryImageOfPage\":{\"@id\":\"https:\\\/\\\/finger.ind.br\\\/es\\\/blog\\\/meu-primeiro-apartamento\\\/#primaryimage\"},\"image\":{\"@id\":\"https:\\\/\\\/finger.ind.br\\\/es\\\/blog\\\/meu-primeiro-apartamento\\\/#primaryimage\"},\"thumbnailUrl\":\"https:\\\/\\\/finger.ind.br\\\/wp-content\\\/uploads\\\/2021\\\/08\\\/post_thumbnail-43593c53876360ae2ba01549fae70e02.jpg\",\"datePublished\":\"2021-09-16T10:22:17+00:00\",\"author\":{\"@id\":\"https:\\\/\\\/finger.ind.br\\\/es\\\/2025\\\/#\\\/schema\\\/person\\\/c43e909b5029e4bacad2ace8af7fbf7b\"},\"description\":\"Uma pergunta que voc\u00ea deve estar se fazendo agora \u00e9: \u201cmas como mobiliar o meu primeiro apartamento?\u201d. Ent\u00e3o, continue lendo e confira!.\",\"breadcrumb\":{\"@id\":\"https:\\\/\\\/finger.ind.br\\\/es\\\/blog\\\/meu-primeiro-apartamento\\\/#breadcrumb\"},\"inLanguage\":\"es\",\"potentialAction\":[{\"@type\":\"ReadAction\",\"target\":[\"https:\\\/\\\/finger.ind.br\\\/es\\\/blog\\\/meu-primeiro-apartamento\\\/\"]}]},{\"@type\":\"ImageObject\",\"inLanguage\":\"es\",\"@id\":\"https:\\\/\\\/finger.ind.br\\\/es\\\/blog\\\/meu-primeiro-apartamento\\\/#primaryimage\",\"url\":\"https:\\\/\\\/finger.ind.br\\\/wp-content\\\/uploads\\\/2021\\\/08\\\/post_thumbnail-43593c53876360ae2ba01549fae70e02.jpg\",\"contentUrl\":\"https:\\\/\\\/finger.ind.br\\\/wp-content\\\/uploads\\\/2021\\\/08\\\/post_thumbnail-43593c53876360ae2ba01549fae70e02.jpg\",\"width\":2119,\"height\":1414},{\"@type\":\"BreadcrumbList\",\"@id\":\"https:\\\/\\\/finger.ind.br\\\/es\\\/blog\\\/meu-primeiro-apartamento\\\/#breadcrumb\",\"itemListElement\":[{\"@type\":\"ListItem\",\"position\":1,\"name\":\"In\u00edcio\",\"item\":\"https:\\\/\\\/finger.ind.br\\\/es\\\/\"},{\"@type\":\"ListItem\",\"position\":2,\"name\":\"Como mobiliar o meu primeiro apartamento? Saiba aqui 11 dicas de como otimizar seu espa\u00e7o.\"}]},{\"@type\":\"WebSite\",\"@id\":\"https:\\\/\\\/finger.ind.br\\\/es\\\/2025\\\/#website\",\"url\":\"https:\\\/\\\/finger.ind.br\\\/es\\\/2025\\\/\",\"name\":\"Finger M\u00f3veis Planejados\",\"description\":\"A precis\u00e3o alem\u00e3 com o melhor do design.\",\"potentialAction\":[{\"@type\":\"SearchAction\",\"target\":{\"@type\":\"EntryPoint\",\"urlTemplate\":\"https:\\\/\\\/finger.ind.br\\\/es\\\/2025\\\/?s={search_term_string}\"},\"query-input\":{\"@type\":\"PropertyValueSpecification\",\"valueRequired\":true,\"valueName\":\"search_term_string\"}}],\"inLanguage\":\"es\"},{\"@type\":\"Person\",\"@id\":\"https:\\\/\\\/finger.ind.br\\\/es\\\/2025\\\/#\\\/schema\\\/person\\\/c43e909b5029e4bacad2ace8af7fbf7b\",\"name\":\"Francieli Kern\",\"image\":{\"@type\":\"ImageObject\",\"inLanguage\":\"es\",\"@id\":\"https:\\\/\\\/finger.ind.br\\\/wp-content\\\/litespeed\\\/avatar\\\/164fe0d9994629a757cff09638389817.jpg?ver=1776863951\",\"url\":\"https:\\\/\\\/finger.ind.br\\\/wp-content\\\/litespeed\\\/avatar\\\/164fe0d9994629a757cff09638389817.jpg?ver=1776863951\",\"contentUrl\":\"https:\\\/\\\/finger.ind.br\\\/wp-content\\\/litespeed\\\/avatar\\\/164fe0d9994629a757cff09638389817.jpg?ver=1776863951\",\"caption\":\"Francieli Kern\"},\"url\":\"https:\\\/\\\/finger.ind.br\\\/es\\\/blog\\\/author\\\/francielikern\\\/\"}]}<\/script>\n<!-- \/ Yoast SEO plugin. -->","yoast_head_json":{"title":"Meu primeiro apartamento: confira 4 dicas para mobiliar e decorar","description":"Uma pergunta que voc\u00ea deve estar se fazendo agora \u00e9: \u201cmas como mobiliar o meu primeiro apartamento?\u201d. Ent\u00e3o, continue lendo e confira!.","robots":{"index":"index","follow":"follow","max-snippet":"max-snippet:-1","max-image-preview":"max-image-preview:large","max-video-preview":"max-video-preview:-1"},"canonical":"https:\/\/finger.ind.br\/es\/blog\/meu-primeiro-apartamento\/","og_locale":"es_ES","og_type":"article","og_title":"Meu primeiro apartamento: confira 4 dicas para mobiliar e decorar","og_description":"Uma pergunta que voc\u00ea deve estar se fazendo agora \u00e9: \u201cmas como mobiliar o meu primeiro apartamento?\u201d. Ent\u00e3o, continue lendo e confira!.","og_url":"https:\/\/finger.ind.br\/es\/blog\/meu-primeiro-apartamento\/","og_site_name":"Finger M\u00f3veis Planejados","article_published_time":"2021-09-16T10:22:17+00:00","og_image":[{"width":2119,"height":1414,"url":"https:\/\/finger.ind.br\/wp-content\/uploads\/2021\/08\/post_thumbnail-43593c53876360ae2ba01549fae70e02.jpg","type":"image\/jpeg"}],"author":"Francieli Kern","twitter_card":"summary_large_image","twitter_misc":{"Escrito por":"Francieli Kern","Tiempo de lectura":"4 minutos"},"schema":{"@context":"https:\/\/schema.org","@graph":[{"@type":"Article","@id":"https:\/\/finger.ind.br\/es\/blog\/meu-primeiro-apartamento\/#article","isPartOf":{"@id":"https:\/\/finger.ind.br\/es\/blog\/meu-primeiro-apartamento\/"},"author":{"name":"Francieli Kern","@id":"https:\/\/finger.ind.br\/es\/2025\/#\/schema\/person\/c43e909b5029e4bacad2ace8af7fbf7b"},"headline":"Como mobiliar o meu primeiro apartamento? Saiba aqui 11 dicas de como otimizar seu espa\u00e7o.","datePublished":"2021-09-16T10:22:17+00:00","mainEntityOfPage":{"@id":"https:\/\/finger.ind.br\/es\/blog\/meu-primeiro-apartamento\/"},"wordCount":2147,"image":{"@id":"https:\/\/finger.ind.br\/es\/blog\/meu-primeiro-apartamento\/#primaryimage"},"thumbnailUrl":"https:\/\/finger.ind.br\/wp-content\/uploads\/2021\/08\/post_thumbnail-43593c53876360ae2ba01549fae70e02.jpg","keywords":["ape novo","casa nova","minha primeira casa","novo im\u00f3vel"],"articleSection":["Arquitetura","Decora\u00e7\u00e3o","Design","Dicas Finger"],"inLanguage":"es"},{"@type":"WebPage","@id":"https:\/\/finger.ind.br\/es\/blog\/meu-primeiro-apartamento\/","url":"https:\/\/finger.ind.br\/es\/blog\/meu-primeiro-apartamento\/","name":"Meu primeiro apartamento: confira 4 dicas para mobiliar e decorar","isPartOf":{"@id":"https:\/\/finger.ind.br\/es\/2025\/#website"},"primaryImageOfPage":{"@id":"https:\/\/finger.ind.br\/es\/blog\/meu-primeiro-apartamento\/#primaryimage"},"image":{"@id":"https:\/\/finger.ind.br\/es\/blog\/meu-primeiro-apartamento\/#primaryimage"},"thumbnailUrl":"https:\/\/finger.ind.br\/wp-content\/uploads\/2021\/08\/post_thumbnail-43593c53876360ae2ba01549fae70e02.jpg","datePublished":"2021-09-16T10:22:17+00:00","author":{"@id":"https:\/\/finger.ind.br\/es\/2025\/#\/schema\/person\/c43e909b5029e4bacad2ace8af7fbf7b"},"description":"Uma pergunta que voc\u00ea deve estar se fazendo agora \u00e9: \u201cmas como mobiliar o meu primeiro apartamento?\u201d. Ent\u00e3o, continue lendo e confira!.","breadcrumb":{"@id":"https:\/\/finger.ind.br\/es\/blog\/meu-primeiro-apartamento\/#breadcrumb"},"inLanguage":"es","potentialAction":[{"@type":"ReadAction","target":["https:\/\/finger.ind.br\/es\/blog\/meu-primeiro-apartamento\/"]}]},{"@type":"ImageObject","inLanguage":"es","@id":"https:\/\/finger.ind.br\/es\/blog\/meu-primeiro-apartamento\/#primaryimage","url":"https:\/\/finger.ind.br\/wp-content\/uploads\/2021\/08\/post_thumbnail-43593c53876360ae2ba01549fae70e02.jpg","contentUrl":"https:\/\/finger.ind.br\/wp-content\/uploads\/2021\/08\/post_thumbnail-43593c53876360ae2ba01549fae70e02.jpg","width":2119,"height":1414},{"@type":"BreadcrumbList","@id":"https:\/\/finger.ind.br\/es\/blog\/meu-primeiro-apartamento\/#breadcrumb","itemListElement":[{"@type":"ListItem","position":1,"name":"In\u00edcio","item":"https:\/\/finger.ind.br\/es\/"},{"@type":"ListItem","position":2,"name":"Como mobiliar o meu primeiro apartamento? Saiba aqui 11 dicas de como otimizar seu espa\u00e7o."}]},{"@type":"WebSite","@id":"https:\/\/finger.ind.br\/es\/2025\/#website","url":"https:\/\/finger.ind.br\/es\/2025\/","name":"Finger M\u00f3veis Planejados","description":"A precis\u00e3o alem\u00e3 com o melhor do design.","potentialAction":[{"@type":"SearchAction","target":{"@type":"EntryPoint","urlTemplate":"https:\/\/finger.ind.br\/es\/2025\/?s={search_term_string}"},"query-input":{"@type":"PropertyValueSpecification","valueRequired":true,"valueName":"search_term_string"}}],"inLanguage":"es"},{"@type":"Person","@id":"https:\/\/finger.ind.br\/es\/2025\/#\/schema\/person\/c43e909b5029e4bacad2ace8af7fbf7b","name":"Francieli Kern","image":{"@type":"ImageObject","inLanguage":"es","@id":"https:\/\/finger.ind.br\/wp-content\/litespeed\/avatar\/164fe0d9994629a757cff09638389817.jpg?ver=1776863951","url":"https:\/\/finger.ind.br\/wp-content\/litespeed\/avatar\/164fe0d9994629a757cff09638389817.jpg?ver=1776863951","contentUrl":"https:\/\/finger.ind.br\/wp-content\/litespeed\/avatar\/164fe0d9994629a757cff09638389817.jpg?ver=1776863951","caption":"Francieli Kern"},"url":"https:\/\/finger.ind.br\/es\/blog\/author\/francielikern\/"}]}},"amp_enabled":true,"_links":{"self":[{"href":"https:\/\/finger.ind.br\/es\/wp-json\/wp\/v2\/posts\/27580","targetHints":{"allow":["GET"]}}],"collection":[{"href":"https:\/\/finger.ind.br\/es\/wp-json\/wp\/v2\/posts"}],"about":[{"href":"https:\/\/finger.ind.br\/es\/wp-json\/wp\/v2\/types\/post"}],"author":[{"embeddable":true,"href":"https:\/\/finger.ind.br\/es\/wp-json\/wp\/v2\/users\/9"}],"replies":[{"embeddable":true,"href":"https:\/\/finger.ind.br\/es\/wp-json\/wp\/v2\/comments?post=27580"}],"version-history":[{"count":0,"href":"https:\/\/finger.ind.br\/es\/wp-json\/wp\/v2\/posts\/27580\/revisions"}],"wp:featuredmedia":[{"embeddable":true,"href":"https:\/\/finger.ind.br\/es\/wp-json\/wp\/v2\/media\/27581"}],"wp:attachment":[{"href":"https:\/\/finger.ind.br\/es\/wp-json\/wp\/v2\/media?parent=27580"}],"wp:term":[{"taxonomy":"category","embeddable":true,"href":"https:\/\/finger.ind.br\/es\/wp-json\/wp\/v2\/categories?post=27580"},{"taxonomy":"post_tag","embeddable":true,"href":"https:\/\/finger.ind.br\/es\/wp-json\/wp\/v2\/tags?post=27580"}],"curies":[{"name":"wp","href":"https:\/\/api.w.org\/{rel}","templated":true}]}}